{"id":8396,"date":"2023-03-27T13:03:51","date_gmt":"2023-03-27T11:03:51","guid":{"rendered":"https:\/\/chdr-ns.com\/rtv-document-better-a-grave-than-a-slave\/"},"modified":"2023-11-27T12:27:00","modified_gmt":"2023-11-27T11:27:00","slug":"rtv-document-better-a-grave-than-a-slave","status":"publish","type":"post","link":"https:\/\/chdr-ns.com\/en\/rtv-document-better-a-grave-than-a-slave\/","title":{"rendered":"RTV Document: &#8220;Better a grave than a slave&#8221;"},"content":{"rendered":"\t\t<div data-elementor-type=\"wp-post\" data-elementor-id=\"8396\" class=\"elementor elementor-8396 elementor-6030\" data-elementor-post-type=\"post\">\n\t\t\t\t\t\t<section class=\"elementor-section elementor-top-section elementor-element elementor-element-10847db elementor-section-boxed elementor-section-height-default elementor-section-height-default\" data-id=\"10847db\" data-element_type=\"section\">\n\t\t\t\t\t\t<div class=\"elementor-container elementor-column-gap-default\">\n\t\t\t\t\t<div class=\"elementor-column elementor-col-100 elementor-top-column elementor-element elementor-element-87a7760\" data-id=\"87a7760\" data-element_type=\"column\">\n\t\t\t<div class=\"elementor-widget-wrap elementor-element-populated\">\n\t\t\t\t\t\t<div class=\"elementor-element elementor-element-26f81a6 elementor-widget elementor-widget-heading\" data-id=\"26f81a6\" data-element_type=\"widget\" data-widget_type=\"heading.default\">\n\t\t\t\t<div class=\"elementor-widget-container\">\n\t\t\t\t\t<h2 class=\"elementor-heading-title elementor-size-default\">Episode \"Better a Grave Than a Slave\"<\/h2>\t\t\t\t<\/div>\n\t\t\t\t<\/div>\n\t\t\t\t<div class=\"elementor-element elementor-element-6cd44df elementor-widget elementor-widget-text-editor\" data-id=\"6cd44df\" data-element_type=\"widget\" data-widget_type=\"text-editor.default\">\n\t\t\t\t<div class=\"elementor-widget-container\">\n\t\t\t\t\t\t\t\t\t<p><a href=\"https:\/\/chdr-ns.com\/en\/darko-gavrilovic\/\" target=\"_blank\" rel=\"noopener\">Darko Gavrilovi\u0107<\/a> , president of the Board of Directors of the Center for History, Democracy and Reconciliation, was one of the interviewees in the &#8221; <a href=\"https:\/\/media.rtv.rs\/sr_ci\/dokument\/81841\" target=\"_blank\" rel=\"noopener\">Document<\/a> &#8221; show.  <\/p>\n\t\t\t\t\t\t\t\t<\/div>\n\t\t\t\t<\/div>\n\t\t\t\t<div class=\"elementor-element elementor-element-a4782fa elementor-widget elementor-widget-text-editor\" data-id=\"a4782fa\" data-element_type=\"widget\" data-widget_type=\"text-editor.default\">\n\t\t\t\t<div class=\"elementor-widget-container\">\n\t\t\t\t\t\t\t\t\t<p>In the episode &#8221; <b>Better a grave than a slave<\/b> &#8221; there was talk about how more than 80 years have passed since the military coup and demonstrations  <b>March 27, 1941 years<\/b>, against the accession of the Axis powers, that is, the overthrow of Prince Pavle Kara\u0111or\u0111evi\u0107 and the Cvetkovi\u0107-Ma\u010dek government.  <\/p>\n<p>Today, we live in a time in which it has become accepted to a considerable extent that it would have been better if we had not resisted, how the partisans led the country to ruin and that it was wiser for the insufficiently armed Kingdom of Yugoslavia not to anger Hitler.  <\/p>\n<p>It goes without saying that in such extraordinary circumstances, we should not expect that the memory of such a significant event is particularly marked. But why is the culture of memory not a reliable landmark in anti-fascist Serbia?<\/p>\n\t\t\t\t\t\t\t\t<\/div>\n\t\t\t\t<\/div>\n\t\t\t\t<div class=\"elementor-element elementor-element-e354bb2 elementor-widget elementor-widget-heading\" data-id=\"e354bb2\" data-element_type=\"widget\" data-widget_type=\"heading.default\">\n\t\t\t\t<div class=\"elementor-widget-container\">\n\t\t\t\t\t<span class=\"elementor-heading-title elementor-size-default\">What is our 27th today? March 1941?<\/span>\t\t\t\t<\/div>\n\t\t\t\t<\/div>\n\t\t\t\t<div class=\"elementor-element elementor-element-7ac3b96 elementor-widget elementor-widget-text-editor\" data-id=\"7ac3b96\" data-element_type=\"widget\" data-widget_type=\"text-editor.default\">\n\t\t\t\t<div class=\"elementor-widget-container\">\n\t\t\t\t\t\t\t\t\t<p>To what extent, as some believe, was Great Britain behind the coup? Winston Churchill then declared that &#8220;early this morning the Yugoslav nation found its soul.&#8221;  <\/p>\n<p>From today&#8217;s point of view, have we neglected that this sentence is part of war propaganda and moral support? How did we come to be &#8220;wrong&#8221; about all the shades of truth about that event?<\/p>\n<p>Although people don&#8217;t think that way today, but the slogan &#8220;Better a grave than a slave&#8221; that was emphasized on 27. March 1941, were spoken in another country, in another time, such as, for example, the time of the leader of the uprising of the Roman slaves, Spartacus, would it be possible for it to be freed from politics, ideologies and manipulation?<\/p>\n<p>Or is it just an inspiration to popular alternate history writers as a subgenre of fantasy?<\/p>\n\t\t\t\t\t\t\t\t<\/div>\n\t\t\t\t<\/div>\n\t\t\t\t<div class=\"elementor-element elementor-element-7a5b485 elementor-widget elementor-widget-text-editor\" data-id=\"7a5b485\" data-element_type=\"widget\" data-widget_type=\"text-editor.default\">\n\t\t\t\t<div class=\"elementor-widget-container\">\n\t\t\t\t\t\t\t\t\t<p>How to avoid subsequent interpretations of that important historical date without justifying certain political phenomena in the present. Is it an exaggerated impression that the thirties are coming back to us? Are we able to follow the sane historical facts that would teach us something?  <\/p>\n\t\t\t\t\t\t\t\t<\/div>\n\t\t\t\t<\/div>\n\t\t\t\t<div class=\"elementor-element elementor-element-32b74c2 elementor-widget elementor-widget-text-editor\" data-id=\"32b74c2\" data-element_type=\"widget\" data-widget_type=\"text-editor.default\">\n\t\t\t\t<div class=\"elementor-widget-container\">\n\t\t\t\t\t\t\t\t\t<p>The interlocutors were:<\/p>\n<ul>\n<li>Mile Bjelajac, historian and political scientist<\/li>\n<li>Ljubinka \u0160kodri\u0107, historian<\/li>\n<li>Darko Gavrilovi\u0107, historian<\/li>\n<li>Du\u0161ko Radosavljevi\u0107, political scientist<\/li>\n<\/ul>\n\t\t\t\t\t\t\t\t<\/div>\n\t\t\t\t<\/div>\n\t\t\t\t<div class=\"elementor-element elementor-element-1dcd9c2 elementor-widget elementor-widget-video\" data-id=\"1dcd9c2\" data-element_type=\"widget\" data-settings=\"{&quot;youtube_url&quot;:&quot;https:\\\/\\\/www.youtube.com\\\/watch?v=EpJ2zqbNiyU&quot;,&quot;video_type&quot;:&quot;youtube&quot;,&quot;controls&quot;:&quot;yes&quot;}\" data-widget_type=\"video.default\">\n\t\t\t\t<div class=\"elementor-widget-container\">\n\t\t\t\t\t\t\t<div class=\"elementor-wrapper elementor-open-inline\">\n\t\t\t<div class=\"elementor-video\"><\/div>\t\t<\/div>\n\t\t\t\t\t\t<\/div>\n\t\t\t\t<\/div>\n\t\t\t\t\t<\/div>\n\t\t<\/div>\n\t\t\t\t\t<\/div>\n\t\t<\/section>\n\t\t\t\t<\/div>\n\t\t","protected":false},"excerpt":{"rendered":"<p>Darko Gavrilovi\u0107 was one of the interviewees in the show &#8220;Document&#8221; by the author Er\u017eika Pap Reljin, which was broadcast on 25 March 2023 on Radio Television Vojvodina.<\/p>\n","protected":false},"author":1,"featured_media":8407,"comment_status":"closed","ping_status":"closed","sticky":false,"template":"","format":"standard","meta":{"footnotes":""},"categories":[60,69],"tags":[64],"class_list":["post-8396","post","type-post","status-publish","format-standard","has-post-thumbnail","hentry","category-chdr-activities","category-from-the-media","tag-darko-gavrilovic-en"],"yoast_head":"<!-- This site is optimized with the Yoast SEO plugin v26.7 - https:\/\/yoast.com\/wordpress\/plugins\/seo\/ -->\n<title>RTV Document: &quot;Better a grave than a slave&quot; | CHDR<\/title>\n<meta name=\"description\" content=\"Darko Gavrilovi\u0107 was one of the interviewees in the show &quot;Dokument&quot;, which was broadcast on 25 March 2023 on Radio Television Vojvodina.\" \/>\n<meta name=\"robots\" content=\"index, follow, max-snippet:-1, max-image-preview:large, max-video-preview:-1\" \/>\n<link rel=\"canonical\" href=\"https:\/\/chdr-ns.com\/en\/rtv-document-better-a-grave-than-a-slave\/\" \/>\n<meta property=\"og:locale\" content=\"en_US\" \/>\n<meta property=\"og:type\" content=\"article\" \/>\n<meta property=\"og:title\" content=\"RTV Document: &quot;Better a grave than a slave&quot; | CHDR\" \/>\n<meta property=\"og:description\" content=\"Darko Gavrilovi\u0107 was one of the interviewees in the show &quot;Dokument&quot;, which was broadcast on 25 March 2023 on Radio Television Vojvodina.\" \/>\n<meta property=\"og:url\" content=\"https:\/\/chdr-ns.com\/en\/rtv-document-better-a-grave-than-a-slave\/\" \/>\n<meta property=\"og:site_name\" content=\"Centar za istoriju demokratiju i pomirenje-CHDR\" \/>\n<meta property=\"article:publisher\" content=\"https:\/\/www.facebook.com\/centerforhistoryandreconciliation\" \/>\n<meta property=\"article:published_time\" content=\"2023-03-27T11:03:51+00:00\" \/>\n<meta property=\"article:modified_time\" content=\"2023-11-27T11:27:00+00:00\" \/>\n<meta property=\"og:image\" content=\"https:\/\/chdr-ns.com\/wp-content\/uploads\/CHDR-2.jpg\" \/>\n\t<meta property=\"og:image:width\" content=\"1080\" \/>\n\t<meta property=\"og:image:height\" content=\"1080\" \/>\n\t<meta property=\"og:image:type\" content=\"image\/jpeg\" \/>\n<meta name=\"author\" content=\"SesillSLG\" \/>\n<meta name=\"twitter:card\" content=\"summary_large_image\" \/>\n<meta name=\"twitter:label1\" content=\"Written by\" \/>\n\t<meta name=\"twitter:data1\" content=\"SesillSLG\" \/>\n\t<meta name=\"twitter:label2\" content=\"Est. reading time\" \/>\n\t<meta name=\"twitter:data2\" content=\"2 minutes\" \/>\n<script type=\"application\/ld+json\" class=\"yoast-schema-graph\">{\"@context\":\"https:\/\/schema.org\",\"@graph\":[{\"@type\":\"Article\",\"@id\":\"https:\/\/chdr-ns.com\/en\/rtv-document-better-a-grave-than-a-slave\/#article\",\"isPartOf\":{\"@id\":\"https:\/\/chdr-ns.com\/en\/rtv-document-better-a-grave-than-a-slave\/\"},\"author\":{\"name\":\"SesillSLG\",\"@id\":\"https:\/\/chdr-ns.com\/en\/#\/schema\/person\/d78497ac6032c39bd7b265aed5368281\"},\"headline\":\"RTV Document: &#8220;Better a grave than a slave&#8221;\",\"datePublished\":\"2023-03-27T11:03:51+00:00\",\"dateModified\":\"2023-11-27T11:27:00+00:00\",\"mainEntityOfPage\":{\"@id\":\"https:\/\/chdr-ns.com\/en\/rtv-document-better-a-grave-than-a-slave\/\"},\"wordCount\":397,\"publisher\":{\"@id\":\"https:\/\/chdr-ns.com\/en\/#organization\"},\"image\":{\"@id\":\"https:\/\/chdr-ns.com\/en\/rtv-document-better-a-grave-than-a-slave\/#primaryimage\"},\"thumbnailUrl\":\"https:\/\/chdr-ns.com\/wp-content\/uploads\/CHDR-2.jpg\",\"keywords\":[\"Darko Gavrilovi\u0107\"],\"articleSection\":[\"CHDR activities\",\"from the media\"],\"inLanguage\":\"en-US\"},{\"@type\":\"WebPage\",\"@id\":\"https:\/\/chdr-ns.com\/en\/rtv-document-better-a-grave-than-a-slave\/\",\"url\":\"https:\/\/chdr-ns.com\/en\/rtv-document-better-a-grave-than-a-slave\/\",\"name\":\"RTV Document: \\\"Better a grave than a slave\\\" | CHDR\",\"isPartOf\":{\"@id\":\"https:\/\/chdr-ns.com\/en\/#website\"},\"primaryImageOfPage\":{\"@id\":\"https:\/\/chdr-ns.com\/en\/rtv-document-better-a-grave-than-a-slave\/#primaryimage\"},\"image\":{\"@id\":\"https:\/\/chdr-ns.com\/en\/rtv-document-better-a-grave-than-a-slave\/#primaryimage\"},\"thumbnailUrl\":\"https:\/\/chdr-ns.com\/wp-content\/uploads\/CHDR-2.jpg\",\"datePublished\":\"2023-03-27T11:03:51+00:00\",\"dateModified\":\"2023-11-27T11:27:00+00:00\",\"description\":\"Darko Gavrilovi\u0107 was one of the interviewees in the show \\\"Dokument\\\", which was broadcast on 25 March 2023 on Radio Television Vojvodina.\",\"breadcrumb\":{\"@id\":\"https:\/\/chdr-ns.com\/en\/rtv-document-better-a-grave-than-a-slave\/#breadcrumb\"},\"inLanguage\":\"en-US\",\"potentialAction\":[{\"@type\":\"ReadAction\",\"target\":[\"https:\/\/chdr-ns.com\/en\/rtv-document-better-a-grave-than-a-slave\/\"]}]},{\"@type\":\"ImageObject\",\"inLanguage\":\"en-US\",\"@id\":\"https:\/\/chdr-ns.com\/en\/rtv-document-better-a-grave-than-a-slave\/#primaryimage\",\"url\":\"https:\/\/chdr-ns.com\/wp-content\/uploads\/CHDR-2.jpg\",\"contentUrl\":\"https:\/\/chdr-ns.com\/wp-content\/uploads\/CHDR-2.jpg\",\"width\":1080,\"height\":1080},{\"@type\":\"BreadcrumbList\",\"@id\":\"https:\/\/chdr-ns.com\/en\/rtv-document-better-a-grave-than-a-slave\/#breadcrumb\",\"itemListElement\":[{\"@type\":\"ListItem\",\"position\":1,\"name\":\"Home\",\"item\":\"https:\/\/chdr-ns.com\/en\/home-page\/\"},{\"@type\":\"ListItem\",\"position\":2,\"name\":\"RTV Document: &#8220;Better a grave than a slave&#8221;\"}]},{\"@type\":\"WebSite\",\"@id\":\"https:\/\/chdr-ns.com\/en\/#website\",\"url\":\"https:\/\/chdr-ns.com\/en\/\",\"name\":\"Centar za istoriju demokratiju i pomirenje-CHDR\",\"description\":\"CHDR je nevladina, neprofitna i nestrana\u010dka organizacija\",\"publisher\":{\"@id\":\"https:\/\/chdr-ns.com\/en\/#organization\"},\"alternateName\":\"CHDR\",\"potentialAction\":[{\"@type\":\"SearchAction\",\"target\":{\"@type\":\"EntryPoint\",\"urlTemplate\":\"https:\/\/chdr-ns.com\/en\/?s={search_term_string}\"},\"query-input\":{\"@type\":\"PropertyValueSpecification\",\"valueRequired\":true,\"valueName\":\"search_term_string\"}}],\"inLanguage\":\"en-US\"},{\"@type\":\"Organization\",\"@id\":\"https:\/\/chdr-ns.com\/en\/#organization\",\"name\":\"Centar za istoriju, demokratiju i pomirenje\",\"alternateName\":\"CHDR\",\"url\":\"https:\/\/chdr-ns.com\/en\/\",\"logo\":{\"@type\":\"ImageObject\",\"inLanguage\":\"en-US\",\"@id\":\"https:\/\/chdr-ns.com\/en\/#\/schema\/logo\/image\/\",\"url\":\"https:\/\/chdr-ns.com\/wp-content\/uploads\/2023\/02\/chdr-logo-2.png\",\"contentUrl\":\"https:\/\/chdr-ns.com\/wp-content\/uploads\/2023\/02\/chdr-logo-2.png\",\"width\":350,\"height\":100,\"caption\":\"Centar za istoriju, demokratiju i pomirenje\"},\"image\":{\"@id\":\"https:\/\/chdr-ns.com\/en\/#\/schema\/logo\/image\/\"},\"sameAs\":[\"https:\/\/www.facebook.com\/centerforhistoryandreconciliation\"]},{\"@type\":\"Person\",\"@id\":\"https:\/\/chdr-ns.com\/en\/#\/schema\/person\/d78497ac6032c39bd7b265aed5368281\",\"name\":\"SesillSLG\",\"image\":{\"@type\":\"ImageObject\",\"inLanguage\":\"en-US\",\"@id\":\"https:\/\/chdr-ns.com\/en\/#\/schema\/person\/image\/\",\"url\":\"https:\/\/secure.gravatar.com\/avatar\/ebdad80177b1f28db1bd56bdf2dbe54852cb5b841ba48cb351c7389ac7e2426f?s=96&d=mm&r=g\",\"contentUrl\":\"https:\/\/secure.gravatar.com\/avatar\/ebdad80177b1f28db1bd56bdf2dbe54852cb5b841ba48cb351c7389ac7e2426f?s=96&d=mm&r=g\",\"caption\":\"SesillSLG\"},\"sameAs\":[\"https:\/\/chdr-ns.com\"]}]}<\/script>\n<!-- \/ Yoast SEO plugin. -->","yoast_head_json":{"title":"RTV Document: \"Better a grave than a slave\" | CHDR","description":"Darko Gavrilovi\u0107 was one of the interviewees in the show \"Dokument\", which was broadcast on 25 March 2023 on Radio Television Vojvodina.","robots":{"index":"index","follow":"follow","max-snippet":"max-snippet:-1","max-image-preview":"max-image-preview:large","max-video-preview":"max-video-preview:-1"},"canonical":"https:\/\/chdr-ns.com\/en\/rtv-document-better-a-grave-than-a-slave\/","og_locale":"en_US","og_type":"article","og_title":"RTV Document: \"Better a grave than a slave\" | CHDR","og_description":"Darko Gavrilovi\u0107 was one of the interviewees in the show \"Dokument\", which was broadcast on 25 March 2023 on Radio Television Vojvodina.","og_url":"https:\/\/chdr-ns.com\/en\/rtv-document-better-a-grave-than-a-slave\/","og_site_name":"Centar za istoriju demokratiju i pomirenje-CHDR","article_publisher":"https:\/\/www.facebook.com\/centerforhistoryandreconciliation","article_published_time":"2023-03-27T11:03:51+00:00","article_modified_time":"2023-11-27T11:27:00+00:00","og_image":[{"width":1080,"height":1080,"url":"https:\/\/chdr-ns.com\/wp-content\/uploads\/CHDR-2.jpg","type":"image\/jpeg"}],"author":"SesillSLG","twitter_card":"summary_large_image","twitter_misc":{"Written by":"SesillSLG","Est. reading time":"2 minutes"},"schema":{"@context":"https:\/\/schema.org","@graph":[{"@type":"Article","@id":"https:\/\/chdr-ns.com\/en\/rtv-document-better-a-grave-than-a-slave\/#article","isPartOf":{"@id":"https:\/\/chdr-ns.com\/en\/rtv-document-better-a-grave-than-a-slave\/"},"author":{"name":"SesillSLG","@id":"https:\/\/chdr-ns.com\/en\/#\/schema\/person\/d78497ac6032c39bd7b265aed5368281"},"headline":"RTV Document: &#8220;Better a grave than a slave&#8221;","datePublished":"2023-03-27T11:03:51+00:00","dateModified":"2023-11-27T11:27:00+00:00","mainEntityOfPage":{"@id":"https:\/\/chdr-ns.com\/en\/rtv-document-better-a-grave-than-a-slave\/"},"wordCount":397,"publisher":{"@id":"https:\/\/chdr-ns.com\/en\/#organization"},"image":{"@id":"https:\/\/chdr-ns.com\/en\/rtv-document-better-a-grave-than-a-slave\/#primaryimage"},"thumbnailUrl":"https:\/\/chdr-ns.com\/wp-content\/uploads\/CHDR-2.jpg","keywords":["Darko Gavrilovi\u0107"],"articleSection":["CHDR activities","from the media"],"inLanguage":"en-US"},{"@type":"WebPage","@id":"https:\/\/chdr-ns.com\/en\/rtv-document-better-a-grave-than-a-slave\/","url":"https:\/\/chdr-ns.com\/en\/rtv-document-better-a-grave-than-a-slave\/","name":"RTV Document: \"Better a grave than a slave\" | CHDR","isPartOf":{"@id":"https:\/\/chdr-ns.com\/en\/#website"},"primaryImageOfPage":{"@id":"https:\/\/chdr-ns.com\/en\/rtv-document-better-a-grave-than-a-slave\/#primaryimage"},"image":{"@id":"https:\/\/chdr-ns.com\/en\/rtv-document-better-a-grave-than-a-slave\/#primaryimage"},"thumbnailUrl":"https:\/\/chdr-ns.com\/wp-content\/uploads\/CHDR-2.jpg","datePublished":"2023-03-27T11:03:51+00:00","dateModified":"2023-11-27T11:27:00+00:00","description":"Darko Gavrilovi\u0107 was one of the interviewees in the show \"Dokument\", which was broadcast on 25 March 2023 on Radio Television Vojvodina.","breadcrumb":{"@id":"https:\/\/chdr-ns.com\/en\/rtv-document-better-a-grave-than-a-slave\/#breadcrumb"},"inLanguage":"en-US","potentialAction":[{"@type":"ReadAction","target":["https:\/\/chdr-ns.com\/en\/rtv-document-better-a-grave-than-a-slave\/"]}]},{"@type":"ImageObject","inLanguage":"en-US","@id":"https:\/\/chdr-ns.com\/en\/rtv-document-better-a-grave-than-a-slave\/#primaryimage","url":"https:\/\/chdr-ns.com\/wp-content\/uploads\/CHDR-2.jpg","contentUrl":"https:\/\/chdr-ns.com\/wp-content\/uploads\/CHDR-2.jpg","width":1080,"height":1080},{"@type":"BreadcrumbList","@id":"https:\/\/chdr-ns.com\/en\/rtv-document-better-a-grave-than-a-slave\/#breadcrumb","itemListElement":[{"@type":"ListItem","position":1,"name":"Home","item":"https:\/\/chdr-ns.com\/en\/home-page\/"},{"@type":"ListItem","position":2,"name":"RTV Document: &#8220;Better a grave than a slave&#8221;"}]},{"@type":"WebSite","@id":"https:\/\/chdr-ns.com\/en\/#website","url":"https:\/\/chdr-ns.com\/en\/","name":"Centar za istoriju demokratiju i pomirenje-CHDR","description":"CHDR je nevladina, neprofitna i nestrana\u010dka organizacija","publisher":{"@id":"https:\/\/chdr-ns.com\/en\/#organization"},"alternateName":"CHDR","potentialAction":[{"@type":"SearchAction","target":{"@type":"EntryPoint","urlTemplate":"https:\/\/chdr-ns.com\/en\/?s={search_term_string}"},"query-input":{"@type":"PropertyValueSpecification","valueRequired":true,"valueName":"search_term_string"}}],"inLanguage":"en-US"},{"@type":"Organization","@id":"https:\/\/chdr-ns.com\/en\/#organization","name":"Centar za istoriju, demokratiju i pomirenje","alternateName":"CHDR","url":"https:\/\/chdr-ns.com\/en\/","logo":{"@type":"ImageObject","inLanguage":"en-US","@id":"https:\/\/chdr-ns.com\/en\/#\/schema\/logo\/image\/","url":"https:\/\/chdr-ns.com\/wp-content\/uploads\/2023\/02\/chdr-logo-2.png","contentUrl":"https:\/\/chdr-ns.com\/wp-content\/uploads\/2023\/02\/chdr-logo-2.png","width":350,"height":100,"caption":"Centar za istoriju, demokratiju i pomirenje"},"image":{"@id":"https:\/\/chdr-ns.com\/en\/#\/schema\/logo\/image\/"},"sameAs":["https:\/\/www.facebook.com\/centerforhistoryandreconciliation"]},{"@type":"Person","@id":"https:\/\/chdr-ns.com\/en\/#\/schema\/person\/d78497ac6032c39bd7b265aed5368281","name":"SesillSLG","image":{"@type":"ImageObject","inLanguage":"en-US","@id":"https:\/\/chdr-ns.com\/en\/#\/schema\/person\/image\/","url":"https:\/\/secure.gravatar.com\/avatar\/ebdad80177b1f28db1bd56bdf2dbe54852cb5b841ba48cb351c7389ac7e2426f?s=96&d=mm&r=g","contentUrl":"https:\/\/secure.gravatar.com\/avatar\/ebdad80177b1f28db1bd56bdf2dbe54852cb5b841ba48cb351c7389ac7e2426f?s=96&d=mm&r=g","caption":"SesillSLG"},"sameAs":["https:\/\/chdr-ns.com"]}]}},"_links":{"self":[{"href":"https:\/\/chdr-ns.com\/en\/wp-json\/wp\/v2\/posts\/8396","targetHints":{"allow":["GET"]}}],"collection":[{"href":"https:\/\/chdr-ns.com\/en\/wp-json\/wp\/v2\/posts"}],"about":[{"href":"https:\/\/chdr-ns.com\/en\/wp-json\/wp\/v2\/types\/post"}],"author":[{"embeddable":true,"href":"https:\/\/chdr-ns.com\/en\/wp-json\/wp\/v2\/users\/1"}],"replies":[{"embeddable":true,"href":"https:\/\/chdr-ns.com\/en\/wp-json\/wp\/v2\/comments?post=8396"}],"version-history":[{"count":4,"href":"https:\/\/chdr-ns.com\/en\/wp-json\/wp\/v2\/posts\/8396\/revisions"}],"predecessor-version":[{"id":8464,"href":"https:\/\/chdr-ns.com\/en\/wp-json\/wp\/v2\/posts\/8396\/revisions\/8464"}],"wp:featuredmedia":[{"embeddable":true,"href":"https:\/\/chdr-ns.com\/en\/wp-json\/wp\/v2\/media\/8407"}],"wp:attachment":[{"href":"https:\/\/chdr-ns.com\/en\/wp-json\/wp\/v2\/media?parent=8396"}],"wp:term":[{"taxonomy":"category","embeddable":true,"href":"https:\/\/chdr-ns.com\/en\/wp-json\/wp\/v2\/categories?post=8396"},{"taxonomy":"post_tag","embeddable":true,"href":"https:\/\/chdr-ns.com\/en\/wp-json\/wp\/v2\/tags?post=8396"}],"curies":[{"name":"wp","href":"https:\/\/api.w.org\/{rel}","templated":true}]}}