{"id":8552,"date":"2021-08-27T00:25:00","date_gmt":"2021-08-26T22:25:00","guid":{"rendered":"https:\/\/chdr-ns.com\/croatian-serbian-relations-issues-of-national-minorities-political-myths-dominant-narratives-and-the-culture-of-memory-golubic-2021\/"},"modified":"2023-11-27T12:50:17","modified_gmt":"2023-11-27T11:50:17","slug":"croatian-serbian-relations-issues-of-national-minorities-political-myths-dominant-narratives-and-the-culture-of-memory-golubic-2021","status":"publish","type":"post","link":"https:\/\/chdr-ns.com\/en\/croatian-serbian-relations-issues-of-national-minorities-political-myths-dominant-narratives-and-the-culture-of-memory-golubic-2021\/","title":{"rendered":"Croatian-Serbian relations &#8211; issues of national minorities, political myths, dominant narratives and the culture of memory &#8211; Golubi\u0107 2021"},"content":{"rendered":"\t\t<div data-elementor-type=\"wp-post\" data-elementor-id=\"8552\" class=\"elementor elementor-8552 elementor-2761\" data-elementor-post-type=\"post\">\n\t\t\t\t\t\t<section class=\"elementor-section elementor-top-section elementor-element elementor-element-55bd96d elementor-section-boxed elementor-section-height-default elementor-section-height-default\" data-id=\"55bd96d\" data-element_type=\"section\">\n\t\t\t\t\t\t<div class=\"elementor-container elementor-column-gap-default\">\n\t\t\t\t\t<div class=\"elementor-column elementor-col-100 elementor-top-column elementor-element elementor-element-1fe91a2\" data-id=\"1fe91a2\" data-element_type=\"column\">\n\t\t\t<div class=\"elementor-widget-wrap elementor-element-populated\">\n\t\t\t\t\t\t<div class=\"elementor-element elementor-element-3db0b40 elementor-widget elementor-widget-heading\" data-id=\"3db0b40\" data-element_type=\"widget\" data-widget_type=\"heading.default\">\n\t\t\t\t<div class=\"elementor-widget-container\">\n\t\t\t\t\t<h2 class=\"elementor-heading-title elementor-size-default\">\"Croatian-Serbian relations \u2013 issues of national minorities, political myths, dominant narratives and the culture of memory\"<\/h2>\t\t\t\t<\/div>\n\t\t\t\t<\/div>\n\t\t\t\t<div class=\"elementor-element elementor-element-bdffdc4 elementor-widget elementor-widget-text-editor\" data-id=\"bdffdc4\" data-element_type=\"widget\" data-widget_type=\"text-editor.default\">\n\t\t\t\t<div class=\"elementor-widget-container\">\n\t\t\t\t\t\t\t\t\t<p>At the Fourteenth International Scientific Meeting &#8220;Croatian-Serbian Relations &#8211; Issues of National Minorities, Political Myths, Dominant Narratives and Culture of Memory&#8221;, in Golubi\u0107 near Obrovac in Croatia, which was held from 23 until the 26th August 2021 it was concluded that political relations between the heads of state of the Republic of Croatia and the Republic of Serbia do not exist.<\/p>\n\t\t\t\t\t\t\t\t<\/div>\n\t\t\t\t<\/div>\n\t\t\t\t<div class=\"elementor-element elementor-element-fd926f6 elementor-widget elementor-widget-text-editor\" data-id=\"fd926f6\" data-element_type=\"widget\" data-widget_type=\"text-editor.default\">\n\t\t\t\t<div class=\"elementor-widget-container\">\n\t\t\t\t\t\t\t\t\t<p>The region lacks a consistent <a href=\"https:\/\/chdr-ns.com\/ko-smo-mi\/\" target=\"_blank\" rel=\"noopener\">policy of regional stability and reconciliation<\/a> . Since 2012 , there are no breakthroughs in <a href=\"https:\/\/chdr-ns.com\/en\/serbian-croatian-relations\/\" target=\"_blank\" rel=\"noopener\">Croatian-Serbian relations<\/a> , and the EU is showing less and less interest in solving these issues.<\/p>\n\t\t\t\t\t\t\t\t<\/div>\n\t\t\t\t<\/div>\n\t\t\t\t<div class=\"elementor-element elementor-element-1ee865b elementor-widget elementor-widget-text-editor\" data-id=\"1ee865b\" data-element_type=\"widget\" data-widget_type=\"text-editor.default\">\n\t\t\t\t<div class=\"elementor-widget-container\">\n\t\t\t\t\t\t\t\t\t<p>It was pointed out that Croats in Serbia are excluded from the decision-making process. Both Serbs in Croatia and Croats in Serbia still have a negative status in the public eye, which is a consequence of political myths, dominant narratives and uncritical cultures of memory.  <\/p>\n\t\t\t\t\t\t\t\t<\/div>\n\t\t\t\t<\/div>\n\t\t\t\t<div class=\"elementor-element elementor-element-cd7f336 elementor-widget elementor-widget-text-editor\" data-id=\"cd7f336\" data-element_type=\"widget\" data-widget_type=\"text-editor.default\">\n\t\t\t\t<div class=\"elementor-widget-container\">\n\t\t\t\t\t\t\t\t\t<p>However, there are also positive developments in the relations between the two nations. They refer to the improved position of Croats in Vojvodina when it comes to cultural and educational institutions, and for Serb returnees in Dalmatia, it was pointed out that the situation improved not only through the participation of Serb representatives in decision-making processes, but also through the participation of the Serbian population in the tourism development of Croatia through special dynamic participation in all types of rural tourism.  <\/p>\n\t\t\t\t\t\t\t\t<\/div>\n\t\t\t\t<\/div>\n\t\t\t\t\t<\/div>\n\t\t<\/div>\n\t\t\t\t\t<\/div>\n\t\t<\/section>\n\t\t\t\t<section class=\"elementor-section elementor-top-section elementor-element elementor-element-28fd1cca elementor-section-boxed elementor-section-height-default elementor-section-height-default\" data-id=\"28fd1cca\" data-element_type=\"section\">\n\t\t\t\t\t\t<div class=\"elementor-container elementor-column-gap-default\">\n\t\t\t\t\t<div class=\"elementor-column elementor-col-100 elementor-top-column elementor-element elementor-element-762124ab\" data-id=\"762124ab\" data-element_type=\"column\">\n\t\t\t<div class=\"elementor-widget-wrap elementor-element-populated\">\n\t\t\t\t\t\t<div class=\"elementor-element elementor-element-3524a4f elementor-widget-divider--view-line elementor-widget elementor-widget-divider\" data-id=\"3524a4f\" data-element_type=\"widget\" data-widget_type=\"divider.default\">\n\t\t\t\t<div class=\"elementor-widget-container\">\n\t\t\t\t\t\t\t<div class=\"elementor-divider\">\n\t\t\t<span class=\"elementor-divider-separator\">\n\t\t\t\t\t\t<\/span>\n\t\t<\/div>\n\t\t\t\t\t\t<\/div>\n\t\t\t\t<\/div>\n\t\t\t\t<div class=\"elementor-element elementor-element-c3b3471 elementor-widget elementor-widget-heading\" data-id=\"c3b3471\" data-element_type=\"widget\" data-widget_type=\"heading.default\">\n\t\t\t\t<div class=\"elementor-widget-container\">\n\t\t\t\t\t<h2 class=\"elementor-heading-title elementor-size-default\">Scientific papers from the conference in PDF format:  <\/h2>\t\t\t\t<\/div>\n\t\t\t\t<\/div>\n\t\t\t\t<div class=\"elementor-element elementor-element-d5512c1 elementor-icon-list--layout-traditional elementor-list-item-link-full_width elementor-widget elementor-widget-icon-list\" data-id=\"d5512c1\" data-element_type=\"widget\" data-widget_type=\"icon-list.default\">\n\t\t\t\t<div class=\"elementor-widget-container\">\n\t\t\t\t\t\t\t<ul class=\"elementor-icon-list-items\">\n\t\t\t\t\t\t\t<li class=\"elementor-icon-list-item\">\n\t\t\t\t\t\t\t\t\t\t\t<a href=\"https:\/\/chdr-ns.com\/pdf\/Darko-Gavrilovic-Moguca-resenja-i-problemi-u-procesu-uspostavljanja-odrzivog-mira-mirovno-obrazovanje-i-kultura-konflikta.pdf\" target=\"_blank\">\n\n\t\t\t\t\t\t\t\t\t\t\t\t<span class=\"elementor-icon-list-icon\">\n\t\t\t\t\t\t\t<svg aria-hidden=\"true\" class=\"e-font-icon-svg e-far-file-pdf\" viewBox=\"0 0 384 512\" xmlns=\"http:\/\/www.w3.org\/2000\/svg\"><path d=\"M369.9 97.9L286 14C277 5 264.8-.1 252.1-.1H48C21.5 0 0 21.5 0 48v416c0 26.5 21.5 48 48 48h288c26.5 0 48-21.5 48-48V131.9c0-12.7-5.1-25-14.1-34zM332.1 128H256V51.9l76.1 76.1zM48 464V48h160v104c0 13.3 10.7 24 24 24h104v288H48zm250.2-143.7c-12.2-12-47-8.7-64.4-6.5-17.2-10.5-28.7-25-36.8-46.3 3.9-16.1 10.1-40.6 5.4-56-4.2-26.2-37.8-23.6-42.6-5.9-4.4 16.1-.4 38.5 7 67.1-10 23.9-24.9 56-35.4 74.4-20 10.3-47 26.2-51 46.2-3.3 15.8 26 55.2 76.1-31.2 22.4-7.4 46.8-16.5 68.4-20.1 18.9 10.2 41 17 55.8 17 25.5 0 28-28.2 17.5-38.7zm-198.1 77.8c5.1-13.7 24.5-29.5 30.4-35-19 30.3-30.4 35.7-30.4 35zm81.6-190.6c7.4 0 6.7 32.1 1.8 40.8-4.4-13.9-4.3-40.8-1.8-40.8zm-24.4 136.6c9.7-16.9 18-37 24.7-54.7 8.3 15.1 18.9 27.2 30.1 35.5-20.8 4.3-38.9 13.1-54.8 19.2zm131.6-5s-5 6-37.3-7.8c35.1-2.6 40.9 5.4 37.3 7.8z\"><\/path><\/svg>\t\t\t\t\t\t<\/span>\n\t\t\t\t\t\t\t\t\t\t<span class=\"elementor-icon-list-text\">Darko Gavrilovi\u0107: Possible solutions and problems in the process of establishing sustainable peace - peace education and conflict culture<\/span>\n\t\t\t\t\t\t\t\t\t\t\t<\/a>\n\t\t\t\t\t\t\t\t\t<\/li>\n\t\t\t\t\t\t\t\t<li class=\"elementor-icon-list-item\">\n\t\t\t\t\t\t\t\t\t\t\t<a href=\"https:\/\/chdr-ns.com\/pdf\/Davor-Paukovic-Hrvatsko-srpski-odnosi-u-sjeni-trauma-20.stoljeca-sjecanja-na-operaciju-Oluja.pdf\" target=\"_blank\">\n\n\t\t\t\t\t\t\t\t\t\t\t\t<span class=\"elementor-icon-list-icon\">\n\t\t\t\t\t\t\t<svg aria-hidden=\"true\" class=\"e-font-icon-svg e-far-file-pdf\" viewBox=\"0 0 384 512\" xmlns=\"http:\/\/www.w3.org\/2000\/svg\"><path d=\"M369.9 97.9L286 14C277 5 264.8-.1 252.1-.1H48C21.5 0 0 21.5 0 48v416c0 26.5 21.5 48 48 48h288c26.5 0 48-21.5 48-48V131.9c0-12.7-5.1-25-14.1-34zM332.1 128H256V51.9l76.1 76.1zM48 464V48h160v104c0 13.3 10.7 24 24 24h104v288H48zm250.2-143.7c-12.2-12-47-8.7-64.4-6.5-17.2-10.5-28.7-25-36.8-46.3 3.9-16.1 10.1-40.6 5.4-56-4.2-26.2-37.8-23.6-42.6-5.9-4.4 16.1-.4 38.5 7 67.1-10 23.9-24.9 56-35.4 74.4-20 10.3-47 26.2-51 46.2-3.3 15.8 26 55.2 76.1-31.2 22.4-7.4 46.8-16.5 68.4-20.1 18.9 10.2 41 17 55.8 17 25.5 0 28-28.2 17.5-38.7zm-198.1 77.8c5.1-13.7 24.5-29.5 30.4-35-19 30.3-30.4 35.7-30.4 35zm81.6-190.6c7.4 0 6.7 32.1 1.8 40.8-4.4-13.9-4.3-40.8-1.8-40.8zm-24.4 136.6c9.7-16.9 18-37 24.7-54.7 8.3 15.1 18.9 27.2 30.1 35.5-20.8 4.3-38.9 13.1-54.8 19.2zm131.6-5s-5 6-37.3-7.8c35.1-2.6 40.9 5.4 37.3 7.8z\"><\/path><\/svg>\t\t\t\t\t\t<\/span>\n\t\t\t\t\t\t\t\t\t\t<span class=\"elementor-icon-list-text\">Davor Paukovi\u0107: Croatian-Serbian relations in the shadow of the trauma of the 20th century: memories of the operation \"Storm\"<\/span>\n\t\t\t\t\t\t\t\t\t\t\t<\/a>\n\t\t\t\t\t\t\t\t\t<\/li>\n\t\t\t\t\t\t\t\t<li class=\"elementor-icon-list-item\">\n\t\t\t\t\t\t\t\t\t\t\t<a href=\"https:\/\/chdr-ns.com\/pdf\/Filip-Skiljan-Kako-je-sacuvan-mir-u-posljednjem-ratu-izmedu-Hrvata-i-Srba-u-Podravini-na-Kalnickom-Prigorju-i-u-Gorskom-Kotaru.pdf\" target=\"_blank\">\n\n\t\t\t\t\t\t\t\t\t\t\t\t<span class=\"elementor-icon-list-icon\">\n\t\t\t\t\t\t\t<svg aria-hidden=\"true\" class=\"e-font-icon-svg e-far-file-pdf\" viewBox=\"0 0 384 512\" xmlns=\"http:\/\/www.w3.org\/2000\/svg\"><path d=\"M369.9 97.9L286 14C277 5 264.8-.1 252.1-.1H48C21.5 0 0 21.5 0 48v416c0 26.5 21.5 48 48 48h288c26.5 0 48-21.5 48-48V131.9c0-12.7-5.1-25-14.1-34zM332.1 128H256V51.9l76.1 76.1zM48 464V48h160v104c0 13.3 10.7 24 24 24h104v288H48zm250.2-143.7c-12.2-12-47-8.7-64.4-6.5-17.2-10.5-28.7-25-36.8-46.3 3.9-16.1 10.1-40.6 5.4-56-4.2-26.2-37.8-23.6-42.6-5.9-4.4 16.1-.4 38.5 7 67.1-10 23.9-24.9 56-35.4 74.4-20 10.3-47 26.2-51 46.2-3.3 15.8 26 55.2 76.1-31.2 22.4-7.4 46.8-16.5 68.4-20.1 18.9 10.2 41 17 55.8 17 25.5 0 28-28.2 17.5-38.7zm-198.1 77.8c5.1-13.7 24.5-29.5 30.4-35-19 30.3-30.4 35.7-30.4 35zm81.6-190.6c7.4 0 6.7 32.1 1.8 40.8-4.4-13.9-4.3-40.8-1.8-40.8zm-24.4 136.6c9.7-16.9 18-37 24.7-54.7 8.3 15.1 18.9 27.2 30.1 35.5-20.8 4.3-38.9 13.1-54.8 19.2zm131.6-5s-5 6-37.3-7.8c35.1-2.6 40.9 5.4 37.3 7.8z\"><\/path><\/svg>\t\t\t\t\t\t<\/span>\n\t\t\t\t\t\t\t\t\t\t<span class=\"elementor-icon-list-text\">Filip \u0160kiljan: How peace was preserved in the last war between Croats and Serbs in Podravina, Kalni\u010dki Prigorje and Gorski Kotar<\/span>\n\t\t\t\t\t\t\t\t\t\t\t<\/a>\n\t\t\t\t\t\t\t\t\t<\/li>\n\t\t\t\t\t\t\t\t<li class=\"elementor-icon-list-item\">\n\t\t\t\t\t\t\t\t\t\t\t<a href=\"https:\/\/chdr-ns.com\/pdf\/Ivana-Blesic-Snezana-Besermenji-Potencijali-razvoja-avanturistickog-turizma-u-Severnoj-Dalmaciji.pdf\" target=\"_blank\">\n\n\t\t\t\t\t\t\t\t\t\t\t\t<span class=\"elementor-icon-list-icon\">\n\t\t\t\t\t\t\t<svg aria-hidden=\"true\" class=\"e-font-icon-svg e-far-file-pdf\" viewBox=\"0 0 384 512\" xmlns=\"http:\/\/www.w3.org\/2000\/svg\"><path d=\"M369.9 97.9L286 14C277 5 264.8-.1 252.1-.1H48C21.5 0 0 21.5 0 48v416c0 26.5 21.5 48 48 48h288c26.5 0 48-21.5 48-48V131.9c0-12.7-5.1-25-14.1-34zM332.1 128H256V51.9l76.1 76.1zM48 464V48h160v104c0 13.3 10.7 24 24 24h104v288H48zm250.2-143.7c-12.2-12-47-8.7-64.4-6.5-17.2-10.5-28.7-25-36.8-46.3 3.9-16.1 10.1-40.6 5.4-56-4.2-26.2-37.8-23.6-42.6-5.9-4.4 16.1-.4 38.5 7 67.1-10 23.9-24.9 56-35.4 74.4-20 10.3-47 26.2-51 46.2-3.3 15.8 26 55.2 76.1-31.2 22.4-7.4 46.8-16.5 68.4-20.1 18.9 10.2 41 17 55.8 17 25.5 0 28-28.2 17.5-38.7zm-198.1 77.8c5.1-13.7 24.5-29.5 30.4-35-19 30.3-30.4 35.7-30.4 35zm81.6-190.6c7.4 0 6.7 32.1 1.8 40.8-4.4-13.9-4.3-40.8-1.8-40.8zm-24.4 136.6c9.7-16.9 18-37 24.7-54.7 8.3 15.1 18.9 27.2 30.1 35.5-20.8 4.3-38.9 13.1-54.8 19.2zm131.6-5s-5 6-37.3-7.8c35.1-2.6 40.9 5.4 37.3 7.8z\"><\/path><\/svg>\t\t\t\t\t\t<\/span>\n\t\t\t\t\t\t\t\t\t\t<span class=\"elementor-icon-list-text\">Ivana Ble\u0161i\u0107, Sne\u017eana Besermenji: Potentials for the development of adventure tourism in Northern Dalmatia<\/span>\n\t\t\t\t\t\t\t\t\t\t\t<\/a>\n\t\t\t\t\t\t\t\t\t<\/li>\n\t\t\t\t\t\t\t\t<li class=\"elementor-icon-list-item\">\n\t\t\t\t\t\t\t\t\t\t\t<a href=\"https:\/\/chdr-ns.com\/pdf\/Janko-Veselinovic-Milica-Veselinovic-Razvoj-ruralnog-turizma-na-podrucju-Severne-Dalmacije-kao-sansa-za-povratak-i-pomirenje-nakon-ratnih-sukoba.pdf\" target=\"_blank\">\n\n\t\t\t\t\t\t\t\t\t\t\t\t<span class=\"elementor-icon-list-icon\">\n\t\t\t\t\t\t\t<svg aria-hidden=\"true\" class=\"e-font-icon-svg e-far-file-pdf\" viewBox=\"0 0 384 512\" xmlns=\"http:\/\/www.w3.org\/2000\/svg\"><path d=\"M369.9 97.9L286 14C277 5 264.8-.1 252.1-.1H48C21.5 0 0 21.5 0 48v416c0 26.5 21.5 48 48 48h288c26.5 0 48-21.5 48-48V131.9c0-12.7-5.1-25-14.1-34zM332.1 128H256V51.9l76.1 76.1zM48 464V48h160v104c0 13.3 10.7 24 24 24h104v288H48zm250.2-143.7c-12.2-12-47-8.7-64.4-6.5-17.2-10.5-28.7-25-36.8-46.3 3.9-16.1 10.1-40.6 5.4-56-4.2-26.2-37.8-23.6-42.6-5.9-4.4 16.1-.4 38.5 7 67.1-10 23.9-24.9 56-35.4 74.4-20 10.3-47 26.2-51 46.2-3.3 15.8 26 55.2 76.1-31.2 22.4-7.4 46.8-16.5 68.4-20.1 18.9 10.2 41 17 55.8 17 25.5 0 28-28.2 17.5-38.7zm-198.1 77.8c5.1-13.7 24.5-29.5 30.4-35-19 30.3-30.4 35.7-30.4 35zm81.6-190.6c7.4 0 6.7 32.1 1.8 40.8-4.4-13.9-4.3-40.8-1.8-40.8zm-24.4 136.6c9.7-16.9 18-37 24.7-54.7 8.3 15.1 18.9 27.2 30.1 35.5-20.8 4.3-38.9 13.1-54.8 19.2zm131.6-5s-5 6-37.3-7.8c35.1-2.6 40.9 5.4 37.3 7.8z\"><\/path><\/svg>\t\t\t\t\t\t<\/span>\n\t\t\t\t\t\t\t\t\t\t<span class=\"elementor-icon-list-text\">Janko Veselinovi\u0107, Milica Veselinovi\u0107: Development of rural tourism in the area of \u200b\u200bNorthern Dalmatia as a chance for return and reconciliation after war conflicts<\/span>\n\t\t\t\t\t\t\t\t\t\t\t<\/a>\n\t\t\t\t\t\t\t\t\t<\/li>\n\t\t\t\t\t\t\t\t<li class=\"elementor-icon-list-item\">\n\t\t\t\t\t\t\t\t\t\t\t<a href=\"https:\/\/chdr-ns.com\/pdf\/Katarina-Damcevic-Myths-radical-right-meaning-making-and-the-question-of-the-future.pdf\" target=\"_blank\">\n\n\t\t\t\t\t\t\t\t\t\t\t\t<span class=\"elementor-icon-list-icon\">\n\t\t\t\t\t\t\t<svg aria-hidden=\"true\" class=\"e-font-icon-svg e-far-file-pdf\" viewBox=\"0 0 384 512\" xmlns=\"http:\/\/www.w3.org\/2000\/svg\"><path d=\"M369.9 97.9L286 14C277 5 264.8-.1 252.1-.1H48C21.5 0 0 21.5 0 48v416c0 26.5 21.5 48 48 48h288c26.5 0 48-21.5 48-48V131.9c0-12.7-5.1-25-14.1-34zM332.1 128H256V51.9l76.1 76.1zM48 464V48h160v104c0 13.3 10.7 24 24 24h104v288H48zm250.2-143.7c-12.2-12-47-8.7-64.4-6.5-17.2-10.5-28.7-25-36.8-46.3 3.9-16.1 10.1-40.6 5.4-56-4.2-26.2-37.8-23.6-42.6-5.9-4.4 16.1-.4 38.5 7 67.1-10 23.9-24.9 56-35.4 74.4-20 10.3-47 26.2-51 46.2-3.3 15.8 26 55.2 76.1-31.2 22.4-7.4 46.8-16.5 68.4-20.1 18.9 10.2 41 17 55.8 17 25.5 0 28-28.2 17.5-38.7zm-198.1 77.8c5.1-13.7 24.5-29.5 30.4-35-19 30.3-30.4 35.7-30.4 35zm81.6-190.6c7.4 0 6.7 32.1 1.8 40.8-4.4-13.9-4.3-40.8-1.8-40.8zm-24.4 136.6c9.7-16.9 18-37 24.7-54.7 8.3 15.1 18.9 27.2 30.1 35.5-20.8 4.3-38.9 13.1-54.8 19.2zm131.6-5s-5 6-37.3-7.8c35.1-2.6 40.9 5.4 37.3 7.8z\"><\/path><\/svg>\t\t\t\t\t\t<\/span>\n\t\t\t\t\t\t\t\t\t\t<span class=\"elementor-icon-list-text\">Katarina Dam\u010devi\u0107: Myths, radical right meaning - making, and the question of the future<\/span>\n\t\t\t\t\t\t\t\t\t\t\t<\/a>\n\t\t\t\t\t\t\t\t\t<\/li>\n\t\t\t\t\t\t\t\t<li class=\"elementor-icon-list-item\">\n\t\t\t\t\t\t\t\t\t\t\t<a href=\"https:\/\/chdr-ns.com\/pdf\/Milos-Petrovic-Izolacionisticki-narativi-u-Srbiji-kao-naslede-jugoslovenske-krize.pdf\" target=\"_blank\">\n\n\t\t\t\t\t\t\t\t\t\t\t\t<span class=\"elementor-icon-list-icon\">\n\t\t\t\t\t\t\t<svg aria-hidden=\"true\" class=\"e-font-icon-svg e-far-file-pdf\" viewBox=\"0 0 384 512\" xmlns=\"http:\/\/www.w3.org\/2000\/svg\"><path d=\"M369.9 97.9L286 14C277 5 264.8-.1 252.1-.1H48C21.5 0 0 21.5 0 48v416c0 26.5 21.5 48 48 48h288c26.5 0 48-21.5 48-48V131.9c0-12.7-5.1-25-14.1-34zM332.1 128H256V51.9l76.1 76.1zM48 464V48h160v104c0 13.3 10.7 24 24 24h104v288H48zm250.2-143.7c-12.2-12-47-8.7-64.4-6.5-17.2-10.5-28.7-25-36.8-46.3 3.9-16.1 10.1-40.6 5.4-56-4.2-26.2-37.8-23.6-42.6-5.9-4.4 16.1-.4 38.5 7 67.1-10 23.9-24.9 56-35.4 74.4-20 10.3-47 26.2-51 46.2-3.3 15.8 26 55.2 76.1-31.2 22.4-7.4 46.8-16.5 68.4-20.1 18.9 10.2 41 17 55.8 17 25.5 0 28-28.2 17.5-38.7zm-198.1 77.8c5.1-13.7 24.5-29.5 30.4-35-19 30.3-30.4 35.7-30.4 35zm81.6-190.6c7.4 0 6.7 32.1 1.8 40.8-4.4-13.9-4.3-40.8-1.8-40.8zm-24.4 136.6c9.7-16.9 18-37 24.7-54.7 8.3 15.1 18.9 27.2 30.1 35.5-20.8 4.3-38.9 13.1-54.8 19.2zm131.6-5s-5 6-37.3-7.8c35.1-2.6 40.9 5.4 37.3 7.8z\"><\/path><\/svg>\t\t\t\t\t\t<\/span>\n\t\t\t\t\t\t\t\t\t\t<span class=\"elementor-icon-list-text\">Milo\u0161 Petrovi\u0107: Isolationist narratives in Serbia as a legacy of the Yugoslav crisis<\/span>\n\t\t\t\t\t\t\t\t\t\t\t<\/a>\n\t\t\t\t\t\t\t\t\t<\/li>\n\t\t\t\t\t\t\t\t<li class=\"elementor-icon-list-item\">\n\t\t\t\t\t\t\t\t\t\t\t<a href=\"https:\/\/chdr-ns.com\/pdf\/Snezana-Besermenji-Ivana-Blesic-Mogucnost-razvoja-konjickog-turizma-u-Severnoj-Dalmaciji.pdf\" target=\"_blank\">\n\n\t\t\t\t\t\t\t\t\t\t\t\t<span class=\"elementor-icon-list-icon\">\n\t\t\t\t\t\t\t<svg aria-hidden=\"true\" class=\"e-font-icon-svg e-far-file-pdf\" viewBox=\"0 0 384 512\" xmlns=\"http:\/\/www.w3.org\/2000\/svg\"><path d=\"M369.9 97.9L286 14C277 5 264.8-.1 252.1-.1H48C21.5 0 0 21.5 0 48v416c0 26.5 21.5 48 48 48h288c26.5 0 48-21.5 48-48V131.9c0-12.7-5.1-25-14.1-34zM332.1 128H256V51.9l76.1 76.1zM48 464V48h160v104c0 13.3 10.7 24 24 24h104v288H48zm250.2-143.7c-12.2-12-47-8.7-64.4-6.5-17.2-10.5-28.7-25-36.8-46.3 3.9-16.1 10.1-40.6 5.4-56-4.2-26.2-37.8-23.6-42.6-5.9-4.4 16.1-.4 38.5 7 67.1-10 23.9-24.9 56-35.4 74.4-20 10.3-47 26.2-51 46.2-3.3 15.8 26 55.2 76.1-31.2 22.4-7.4 46.8-16.5 68.4-20.1 18.9 10.2 41 17 55.8 17 25.5 0 28-28.2 17.5-38.7zm-198.1 77.8c5.1-13.7 24.5-29.5 30.4-35-19 30.3-30.4 35.7-30.4 35zm81.6-190.6c7.4 0 6.7 32.1 1.8 40.8-4.4-13.9-4.3-40.8-1.8-40.8zm-24.4 136.6c9.7-16.9 18-37 24.7-54.7 8.3 15.1 18.9 27.2 30.1 35.5-20.8 4.3-38.9 13.1-54.8 19.2zm131.6-5s-5 6-37.3-7.8c35.1-2.6 40.9 5.4 37.3 7.8z\"><\/path><\/svg>\t\t\t\t\t\t<\/span>\n\t\t\t\t\t\t\t\t\t\t<span class=\"elementor-icon-list-text\">Sne\u017eana Besermenji, Ivana Ble\u0161i\u0107: The possibility of developing equestrian tourism in Northern Dalmatia<\/span>\n\t\t\t\t\t\t\t\t\t\t\t<\/a>\n\t\t\t\t\t\t\t\t\t<\/li>\n\t\t\t\t\t\t\t\t<li class=\"elementor-icon-list-item\">\n\t\t\t\t\t\t\t\t\t\t\t<a href=\"https:\/\/chdr-ns.com\/pdf\/Tamara-Bozovic-Tatjana-Pivac-Spori-turizam-kao-prilika-za-revitalizaciju-napustenih-ruralnih-podrucja-u-Severnoj-Dalmaciji.pdf\" target=\"_blank\">\n\n\t\t\t\t\t\t\t\t\t\t\t\t<span class=\"elementor-icon-list-icon\">\n\t\t\t\t\t\t\t<svg aria-hidden=\"true\" class=\"e-font-icon-svg e-far-file-pdf\" viewBox=\"0 0 384 512\" xmlns=\"http:\/\/www.w3.org\/2000\/svg\"><path d=\"M369.9 97.9L286 14C277 5 264.8-.1 252.1-.1H48C21.5 0 0 21.5 0 48v416c0 26.5 21.5 48 48 48h288c26.5 0 48-21.5 48-48V131.9c0-12.7-5.1-25-14.1-34zM332.1 128H256V51.9l76.1 76.1zM48 464V48h160v104c0 13.3 10.7 24 24 24h104v288H48zm250.2-143.7c-12.2-12-47-8.7-64.4-6.5-17.2-10.5-28.7-25-36.8-46.3 3.9-16.1 10.1-40.6 5.4-56-4.2-26.2-37.8-23.6-42.6-5.9-4.4 16.1-.4 38.5 7 67.1-10 23.9-24.9 56-35.4 74.4-20 10.3-47 26.2-51 46.2-3.3 15.8 26 55.2 76.1-31.2 22.4-7.4 46.8-16.5 68.4-20.1 18.9 10.2 41 17 55.8 17 25.5 0 28-28.2 17.5-38.7zm-198.1 77.8c5.1-13.7 24.5-29.5 30.4-35-19 30.3-30.4 35.7-30.4 35zm81.6-190.6c7.4 0 6.7 32.1 1.8 40.8-4.4-13.9-4.3-40.8-1.8-40.8zm-24.4 136.6c9.7-16.9 18-37 24.7-54.7 8.3 15.1 18.9 27.2 30.1 35.5-20.8 4.3-38.9 13.1-54.8 19.2zm131.6-5s-5 6-37.3-7.8c35.1-2.6 40.9 5.4 37.3 7.8z\"><\/path><\/svg>\t\t\t\t\t\t<\/span>\n\t\t\t\t\t\t\t\t\t\t<span class=\"elementor-icon-list-text\">Tamara Bo\u017eovi\u0107, Tatjana Pivac: Slow tourism as an opportunity for the revitalization of abandoned rural areas in Northern Dalmatia<\/span>\n\t\t\t\t\t\t\t\t\t\t\t<\/a>\n\t\t\t\t\t\t\t\t\t<\/li>\n\t\t\t\t\t\t\t\t<li class=\"elementor-icon-list-item\">\n\t\t\t\t\t\t\t\t\t\t\t<a href=\"https:\/\/chdr-ns.com\/pdf\/Zeljko-Vasko-Agroturizam-na-povratnickim-porodicnim-poljoprivrednim-gazdinstvima-kao-osnova-razvoja-ruralnog-turizma-u-Sjevernoj-Dalmaciji.pdf\" target=\"_blank\">\n\n\t\t\t\t\t\t\t\t\t\t\t\t<span class=\"elementor-icon-list-icon\">\n\t\t\t\t\t\t\t<svg aria-hidden=\"true\" class=\"e-font-icon-svg e-far-file-pdf\" viewBox=\"0 0 384 512\" xmlns=\"http:\/\/www.w3.org\/2000\/svg\"><path d=\"M369.9 97.9L286 14C277 5 264.8-.1 252.1-.1H48C21.5 0 0 21.5 0 48v416c0 26.5 21.5 48 48 48h288c26.5 0 48-21.5 48-48V131.9c0-12.7-5.1-25-14.1-34zM332.1 128H256V51.9l76.1 76.1zM48 464V48h160v104c0 13.3 10.7 24 24 24h104v288H48zm250.2-143.7c-12.2-12-47-8.7-64.4-6.5-17.2-10.5-28.7-25-36.8-46.3 3.9-16.1 10.1-40.6 5.4-56-4.2-26.2-37.8-23.6-42.6-5.9-4.4 16.1-.4 38.5 7 67.1-10 23.9-24.9 56-35.4 74.4-20 10.3-47 26.2-51 46.2-3.3 15.8 26 55.2 76.1-31.2 22.4-7.4 46.8-16.5 68.4-20.1 18.9 10.2 41 17 55.8 17 25.5 0 28-28.2 17.5-38.7zm-198.1 77.8c5.1-13.7 24.5-29.5 30.4-35-19 30.3-30.4 35.7-30.4 35zm81.6-190.6c7.4 0 6.7 32.1 1.8 40.8-4.4-13.9-4.3-40.8-1.8-40.8zm-24.4 136.6c9.7-16.9 18-37 24.7-54.7 8.3 15.1 18.9 27.2 30.1 35.5-20.8 4.3-38.9 13.1-54.8 19.2zm131.6-5s-5 6-37.3-7.8c35.1-2.6 40.9 5.4 37.3 7.8z\"><\/path><\/svg>\t\t\t\t\t\t<\/span>\n\t\t\t\t\t\t\t\t\t\t<span class=\"elementor-icon-list-text\">\u017deljko Va\u0161ko: Agrotourism on returnee family farms as a basis for the development of rural tourism in Northern Dalmatia<\/span>\n\t\t\t\t\t\t\t\t\t\t\t<\/a>\n\t\t\t\t\t\t\t\t\t<\/li>\n\t\t\t\t\t\t\t\t<li class=\"elementor-icon-list-item\">\n\t\t\t\t\t\t\t\t\t\t\t<a href=\"https:\/\/chdr-ns.com\/pdf\/Tatjana-Pivac-Tamara-Bozovic-Stanje-i-mogucnosti-za-razvoj-izletnickog-turizma-na-podrucju-Dalmatinske-Bukovice-i-Ravnih-Kotara-zasnovanog-na-kulturnim-motivima.pdf\" target=\"_blank\">\n\n\t\t\t\t\t\t\t\t\t\t\t\t<span class=\"elementor-icon-list-icon\">\n\t\t\t\t\t\t\t<svg aria-hidden=\"true\" class=\"e-font-icon-svg e-far-file-pdf\" viewBox=\"0 0 384 512\" xmlns=\"http:\/\/www.w3.org\/2000\/svg\"><path d=\"M369.9 97.9L286 14C277 5 264.8-.1 252.1-.1H48C21.5 0 0 21.5 0 48v416c0 26.5 21.5 48 48 48h288c26.5 0 48-21.5 48-48V131.9c0-12.7-5.1-25-14.1-34zM332.1 128H256V51.9l76.1 76.1zM48 464V48h160v104c0 13.3 10.7 24 24 24h104v288H48zm250.2-143.7c-12.2-12-47-8.7-64.4-6.5-17.2-10.5-28.7-25-36.8-46.3 3.9-16.1 10.1-40.6 5.4-56-4.2-26.2-37.8-23.6-42.6-5.9-4.4 16.1-.4 38.5 7 67.1-10 23.9-24.9 56-35.4 74.4-20 10.3-47 26.2-51 46.2-3.3 15.8 26 55.2 76.1-31.2 22.4-7.4 46.8-16.5 68.4-20.1 18.9 10.2 41 17 55.8 17 25.5 0 28-28.2 17.5-38.7zm-198.1 77.8c5.1-13.7 24.5-29.5 30.4-35-19 30.3-30.4 35.7-30.4 35zm81.6-190.6c7.4 0 6.7 32.1 1.8 40.8-4.4-13.9-4.3-40.8-1.8-40.8zm-24.4 136.6c9.7-16.9 18-37 24.7-54.7 8.3 15.1 18.9 27.2 30.1 35.5-20.8 4.3-38.9 13.1-54.8 19.2zm131.6-5s-5 6-37.3-7.8c35.1-2.6 40.9 5.4 37.3 7.8z\"><\/path><\/svg>\t\t\t\t\t\t<\/span>\n\t\t\t\t\t\t\t\t\t\t<span class=\"elementor-icon-list-text\">Tatjana Pivac, Tamara Bo\u017eovi\u0107: Status and opportunities for the development of excursion tourism in the area of \u200b\u200bDalmatinska Bukovica and Ravni Kotar based on cultural motives<\/span>\n\t\t\t\t\t\t\t\t\t\t\t<\/a>\n\t\t\t\t\t\t\t\t\t<\/li>\n\t\t\t\t\t\t<\/ul>\n\t\t\t\t\t\t<\/div>\n\t\t\t\t<\/div>\n\t\t\t\t\t<\/div>\n\t\t<\/div>\n\t\t\t\t\t<\/div>\n\t\t<\/section>\n\t\t\t\t<section class=\"elementor-section elementor-top-section elementor-element elementor-element-ba8e92f elementor-section-boxed elementor-section-height-default elementor-section-height-default\" data-id=\"ba8e92f\" data-element_type=\"section\">\n\t\t\t\t\t\t<div class=\"elementor-container elementor-column-gap-default\">\n\t\t\t\t\t<div class=\"elementor-column elementor-col-100 elementor-top-column elementor-element elementor-element-c460f6d\" data-id=\"c460f6d\" data-element_type=\"column\">\n\t\t\t<div class=\"elementor-widget-wrap elementor-element-populated\">\n\t\t\t\t\t\t<div class=\"elementor-element elementor-element-ee29322 elementor-widget elementor-widget-gallery\" data-id=\"ee29322\" data-element_type=\"widget\" data-settings=\"{&quot;columns&quot;:3,&quot;aspect_ratio&quot;:&quot;1:1&quot;,&quot;lazyload&quot;:&quot;yes&quot;,&quot;gallery_layout&quot;:&quot;grid&quot;,&quot;columns_tablet&quot;:2,&quot;columns_mobile&quot;:1,&quot;gap&quot;:{&quot;unit&quot;:&quot;px&quot;,&quot;size&quot;:10,&quot;sizes&quot;:[]},&quot;gap_tablet&quot;:{&quot;unit&quot;:&quot;px&quot;,&quot;size&quot;:10,&quot;sizes&quot;:[]},&quot;gap_mobile&quot;:{&quot;unit&quot;:&quot;px&quot;,&quot;size&quot;:10,&quot;sizes&quot;:[]},&quot;link_to&quot;:&quot;file&quot;,&quot;overlay_background&quot;:&quot;yes&quot;,&quot;content_hover_animation&quot;:&quot;fade-in&quot;}\" data-widget_type=\"gallery.default\">\n\t\t\t\t<div class=\"elementor-widget-container\">\n\t\t\t\t\t\t\t<div class=\"elementor-gallery__container\">\n\t\t\t\t\t\t\t<a class=\"e-gallery-item elementor-gallery-item elementor-animated-content\" href=\"https:\/\/chdr-ns.com\/wp-content\/uploads\/2021\/09\/IMG-1335-scaled-1.jpg\" data-elementor-open-lightbox=\"yes\" data-elementor-lightbox-slideshow=\"ee29322\" data-elementor-lightbox-title=\"IMG-1335\" data-e-action-hash=\"#elementor-action%3Aaction%3Dlightbox%26settings%3DeyJpZCI6MTk4MywidXJsIjoiaHR0cHM6XC9cL2NoZHItbnMuY29tXC93cC1jb250ZW50XC91cGxvYWRzXC8yMDIxXC8wOVwvSU1HLTEzMzUtc2NhbGVkLTEuanBnIiwic2xpZGVzaG93IjoiZWUyOTMyMiJ9\">\n\t\t\t\t\t<div class=\"e-gallery-image elementor-gallery-item__image\" data-thumbnail=\"https:\/\/chdr-ns.com\/wp-content\/uploads\/2021\/09\/IMG-1335-scaled-1.jpg\" data-width=\"1920\" data-height=\"2560\" aria-label=\"\" role=\"img\" ><\/div>\n\t\t\t\t\t\t\t\t\t\t\t<div class=\"elementor-gallery-item__overlay\"><\/div>\n\t\t\t\t\t\t\t\t\t\t\t\t\t\t<\/a>\n\t\t\t\t\t\t\t<a class=\"e-gallery-item elementor-gallery-item elementor-animated-content\" href=\"https:\/\/chdr-ns.com\/wp-content\/uploads\/2021\/09\/IMG-1336-scaled-1.jpg\" data-elementor-open-lightbox=\"yes\" data-elementor-lightbox-slideshow=\"ee29322\" data-elementor-lightbox-title=\"IMG-1336\" data-e-action-hash=\"#elementor-action%3Aaction%3Dlightbox%26settings%3DeyJpZCI6MTk4NCwidXJsIjoiaHR0cHM6XC9cL2NoZHItbnMuY29tXC93cC1jb250ZW50XC91cGxvYWRzXC8yMDIxXC8wOVwvSU1HLTEzMzYtc2NhbGVkLTEuanBnIiwic2xpZGVzaG93IjoiZWUyOTMyMiJ9\">\n\t\t\t\t\t<div class=\"e-gallery-image elementor-gallery-item__image\" data-thumbnail=\"https:\/\/chdr-ns.com\/wp-content\/uploads\/2021\/09\/IMG-1336-scaled-1.jpg\" data-width=\"1920\" data-height=\"2560\" aria-label=\"\" role=\"img\" ><\/div>\n\t\t\t\t\t\t\t\t\t\t\t<div class=\"elementor-gallery-item__overlay\"><\/div>\n\t\t\t\t\t\t\t\t\t\t\t\t\t\t<\/a>\n\t\t\t\t\t\t\t<a class=\"e-gallery-item elementor-gallery-item elementor-animated-content\" href=\"https:\/\/chdr-ns.com\/wp-content\/uploads\/2021\/09\/IMG-1365-scaled-1.jpg\" data-elementor-open-lightbox=\"yes\" data-elementor-lightbox-slideshow=\"ee29322\" data-elementor-lightbox-title=\"IMG-1365\" data-e-action-hash=\"#elementor-action%3Aaction%3Dlightbox%26settings%3DeyJpZCI6MTk4NSwidXJsIjoiaHR0cHM6XC9cL2NoZHItbnMuY29tXC93cC1jb250ZW50XC91cGxvYWRzXC8yMDIxXC8wOVwvSU1HLTEzNjUtc2NhbGVkLTEuanBnIiwic2xpZGVzaG93IjoiZWUyOTMyMiJ9\">\n\t\t\t\t\t<div class=\"e-gallery-image elementor-gallery-item__image\" data-thumbnail=\"https:\/\/chdr-ns.com\/wp-content\/uploads\/2021\/09\/IMG-1365-scaled-1.jpg\" data-width=\"1920\" data-height=\"2560\" aria-label=\"\" role=\"img\" ><\/div>\n\t\t\t\t\t\t\t\t\t\t\t<div class=\"elementor-gallery-item__overlay\"><\/div>\n\t\t\t\t\t\t\t\t\t\t\t\t\t\t<\/a>\n\t\t\t\t\t\t\t<a class=\"e-gallery-item elementor-gallery-item elementor-animated-content\" href=\"https:\/\/chdr-ns.com\/wp-content\/uploads\/2021\/09\/IMG-1374-scaled-1.jpg\" data-elementor-open-lightbox=\"yes\" data-elementor-lightbox-slideshow=\"ee29322\" data-elementor-lightbox-title=\"IMG-1374\" data-e-action-hash=\"#elementor-action%3Aaction%3Dlightbox%26settings%3DeyJpZCI6MTk4NiwidXJsIjoiaHR0cHM6XC9cL2NoZHItbnMuY29tXC93cC1jb250ZW50XC91cGxvYWRzXC8yMDIxXC8wOVwvSU1HLTEzNzQtc2NhbGVkLTEuanBnIiwic2xpZGVzaG93IjoiZWUyOTMyMiJ9\">\n\t\t\t\t\t<div class=\"e-gallery-image elementor-gallery-item__image\" data-thumbnail=\"https:\/\/chdr-ns.com\/wp-content\/uploads\/2021\/09\/IMG-1374-scaled-1.jpg\" data-width=\"2560\" data-height=\"1920\" aria-label=\"\" role=\"img\" ><\/div>\n\t\t\t\t\t\t\t\t\t\t\t<div class=\"elementor-gallery-item__overlay\"><\/div>\n\t\t\t\t\t\t\t\t\t\t\t\t\t\t<\/a>\n\t\t\t\t\t\t\t<a class=\"e-gallery-item elementor-gallery-item elementor-animated-content\" href=\"https:\/\/chdr-ns.com\/wp-content\/uploads\/2021\/09\/IMG-1396-scaled-1.jpg\" data-elementor-open-lightbox=\"yes\" data-elementor-lightbox-slideshow=\"ee29322\" data-elementor-lightbox-title=\"IMG-1396\" data-e-action-hash=\"#elementor-action%3Aaction%3Dlightbox%26settings%3DeyJpZCI6MTk4NywidXJsIjoiaHR0cHM6XC9cL2NoZHItbnMuY29tXC93cC1jb250ZW50XC91cGxvYWRzXC8yMDIxXC8wOVwvSU1HLTEzOTYtc2NhbGVkLTEuanBnIiwic2xpZGVzaG93IjoiZWUyOTMyMiJ9\">\n\t\t\t\t\t<div class=\"e-gallery-image elementor-gallery-item__image\" data-thumbnail=\"https:\/\/chdr-ns.com\/wp-content\/uploads\/2021\/09\/IMG-1396-scaled-1.jpg\" data-width=\"1920\" data-height=\"2560\" aria-label=\"\" role=\"img\" ><\/div>\n\t\t\t\t\t\t\t\t\t\t\t<div class=\"elementor-gallery-item__overlay\"><\/div>\n\t\t\t\t\t\t\t\t\t\t\t\t\t\t<\/a>\n\t\t\t\t\t\t\t<a class=\"e-gallery-item elementor-gallery-item elementor-animated-content\" href=\"https:\/\/chdr-ns.com\/wp-content\/uploads\/2021\/09\/IMG-1402-scaled-1.jpg\" data-elementor-open-lightbox=\"yes\" data-elementor-lightbox-slideshow=\"ee29322\" data-elementor-lightbox-title=\"IMG-1402\" data-e-action-hash=\"#elementor-action%3Aaction%3Dlightbox%26settings%3DeyJpZCI6MTk4OCwidXJsIjoiaHR0cHM6XC9cL2NoZHItbnMuY29tXC93cC1jb250ZW50XC91cGxvYWRzXC8yMDIxXC8wOVwvSU1HLTE0MDItc2NhbGVkLTEuanBnIiwic2xpZGVzaG93IjoiZWUyOTMyMiJ9\">\n\t\t\t\t\t<div class=\"e-gallery-image elementor-gallery-item__image\" data-thumbnail=\"https:\/\/chdr-ns.com\/wp-content\/uploads\/2021\/09\/IMG-1402-scaled-1.jpg\" data-width=\"1920\" data-height=\"2560\" aria-label=\"\" role=\"img\" ><\/div>\n\t\t\t\t\t\t\t\t\t\t\t<div class=\"elementor-gallery-item__overlay\"><\/div>\n\t\t\t\t\t\t\t\t\t\t\t\t\t\t<\/a>\n\t\t\t\t\t\t\t<a class=\"e-gallery-item elementor-gallery-item elementor-animated-content\" href=\"https:\/\/chdr-ns.com\/wp-content\/uploads\/2021\/09\/IMG-1433-scaled-1.jpg\" data-elementor-open-lightbox=\"yes\" data-elementor-lightbox-slideshow=\"ee29322\" data-elementor-lightbox-title=\"IMG-1433\" data-e-action-hash=\"#elementor-action%3Aaction%3Dlightbox%26settings%3DeyJpZCI6MTk4OSwidXJsIjoiaHR0cHM6XC9cL2NoZHItbnMuY29tXC93cC1jb250ZW50XC91cGxvYWRzXC8yMDIxXC8wOVwvSU1HLTE0MzMtc2NhbGVkLTEuanBnIiwic2xpZGVzaG93IjoiZWUyOTMyMiJ9\">\n\t\t\t\t\t<div class=\"e-gallery-image elementor-gallery-item__image\" data-thumbnail=\"https:\/\/chdr-ns.com\/wp-content\/uploads\/2021\/09\/IMG-1433-scaled-1.jpg\" data-width=\"2560\" data-height=\"1920\" aria-label=\"\" role=\"img\" ><\/div>\n\t\t\t\t\t\t\t\t\t\t\t<div class=\"elementor-gallery-item__overlay\"><\/div>\n\t\t\t\t\t\t\t\t\t\t\t\t\t\t<\/a>\n\t\t\t\t\t\t\t<a class=\"e-gallery-item elementor-gallery-item elementor-animated-content\" href=\"https:\/\/chdr-ns.com\/wp-content\/uploads\/2021\/09\/IMG-1438-scaled-1.jpg\" data-elementor-open-lightbox=\"yes\" data-elementor-lightbox-slideshow=\"ee29322\" data-elementor-lightbox-title=\"IMG-1438\" data-e-action-hash=\"#elementor-action%3Aaction%3Dlightbox%26settings%3DeyJpZCI6MTk5MCwidXJsIjoiaHR0cHM6XC9cL2NoZHItbnMuY29tXC93cC1jb250ZW50XC91cGxvYWRzXC8yMDIxXC8wOVwvSU1HLTE0Mzgtc2NhbGVkLTEuanBnIiwic2xpZGVzaG93IjoiZWUyOTMyMiJ9\">\n\t\t\t\t\t<div class=\"e-gallery-image elementor-gallery-item__image\" data-thumbnail=\"https:\/\/chdr-ns.com\/wp-content\/uploads\/2021\/09\/IMG-1438-scaled-1.jpg\" data-width=\"2560\" data-height=\"1920\" aria-label=\"\" role=\"img\" ><\/div>\n\t\t\t\t\t\t\t\t\t\t\t<div class=\"elementor-gallery-item__overlay\"><\/div>\n\t\t\t\t\t\t\t\t\t\t\t\t\t\t<\/a>\n\t\t\t\t\t<\/div>\n\t\t\t\t\t<\/div>\n\t\t\t\t<\/div>\n\t\t\t\t\t<\/div>\n\t\t<\/div>\n\t\t\t\t\t<\/div>\n\t\t<\/section>\n\t\t\t\t<\/div>\n\t\t","protected":false},"excerpt":{"rendered":"<p>The 14th international scientific conference in Golubi\u0107 was held from 23 until the 26th August 2021 years. This year&#8217;s meeting was entitled &#8220;Croatian-Serbian relations \u2013 issues of national minorities, political myths, dominant narratives and the culture of memory&#8221;. The organizers of the meeting were the Center for History, Democracy and Reconciliation from Novi Sad and the Association for History, Cooperation and Reconciliation from Obrovac.<\/p>\n","protected":false},"author":1,"featured_media":8505,"comment_status":"closed","ping_status":"closed","sticky":false,"template":"","format":"standard","meta":{"footnotes":""},"categories":[61,66,63,65,62],"tags":[68],"class_list":["post-8552","post","type-post","status-publish","format-standard","has-post-thumbnail","hentry","category-international-scientific-meeting","category-national-minorities","category-policy-of-regional-stability-and-reconciliation","category-serbian-croatian-relations","category-the-culture-of-memory","tag-piglet"],"yoast_head":"<!-- This site is optimized with the Yoast SEO plugin v26.7 - https:\/\/yoast.com\/wordpress\/plugins\/seo\/ -->\n<title>National minorities, political myths, narratives and memory culture<\/title>\n<meta name=\"description\" content=\"The meeting &quot;Croatian-Serbian relations - issues of national minorities, political myths, dominant narratives and culture of memory&quot; was held in Golubi\u0107.\" \/>\n<meta name=\"robots\" content=\"index, follow, max-snippet:-1, max-image-preview:large, max-video-preview:-1\" \/>\n<link rel=\"canonical\" href=\"https:\/\/chdr-ns.com\/en\/croatian-serbian-relations-issues-of-national-minorities-political-myths-dominant-narratives-and-the-culture-of-memory-golubic-2021\/\" \/>\n<meta property=\"og:locale\" content=\"en_US\" \/>\n<meta property=\"og:type\" content=\"article\" \/>\n<meta property=\"og:title\" content=\"National minorities, political myths, narratives and memory culture\" \/>\n<meta property=\"og:description\" content=\"The meeting &quot;Croatian-Serbian relations - issues of national minorities, political myths, dominant narratives and culture of memory&quot; was held in Golubi\u0107.\" \/>\n<meta property=\"og:url\" content=\"https:\/\/chdr-ns.com\/en\/croatian-serbian-relations-issues-of-national-minorities-political-myths-dominant-narratives-and-the-culture-of-memory-golubic-2021\/\" \/>\n<meta property=\"og:site_name\" content=\"Centar za istoriju demokratiju i pomirenje-CHDR\" \/>\n<meta property=\"article:publisher\" content=\"https:\/\/www.facebook.com\/centerforhistoryandreconciliation\" \/>\n<meta property=\"article:published_time\" content=\"2021-08-26T22:25:00+00:00\" \/>\n<meta property=\"article:modified_time\" content=\"2023-11-27T11:50:17+00:00\" \/>\n<meta property=\"og:image\" content=\"https:\/\/chdr-ns.com\/wp-content\/uploads\/Golubic-14.jpg\" \/>\n\t<meta property=\"og:image:width\" content=\"1080\" \/>\n\t<meta property=\"og:image:height\" content=\"1080\" \/>\n\t<meta property=\"og:image:type\" content=\"image\/jpeg\" \/>\n<meta name=\"author\" content=\"SesillSLG\" \/>\n<meta name=\"twitter:card\" content=\"summary_large_image\" \/>\n<meta name=\"twitter:label1\" content=\"Written by\" \/>\n\t<meta name=\"twitter:data1\" content=\"SesillSLG\" \/>\n\t<meta name=\"twitter:label2\" content=\"Est. reading time\" \/>\n\t<meta name=\"twitter:data2\" content=\"2 minutes\" \/>\n<script type=\"application\/ld+json\" class=\"yoast-schema-graph\">{\"@context\":\"https:\/\/schema.org\",\"@graph\":[{\"@type\":\"Article\",\"@id\":\"https:\/\/chdr-ns.com\/en\/croatian-serbian-relations-issues-of-national-minorities-political-myths-dominant-narratives-and-the-culture-of-memory-golubic-2021\/#article\",\"isPartOf\":{\"@id\":\"https:\/\/chdr-ns.com\/en\/croatian-serbian-relations-issues-of-national-minorities-political-myths-dominant-narratives-and-the-culture-of-memory-golubic-2021\/\"},\"author\":{\"name\":\"SesillSLG\",\"@id\":\"https:\/\/chdr-ns.com\/en\/#\/schema\/person\/d78497ac6032c39bd7b265aed5368281\"},\"headline\":\"Croatian-Serbian relations &#8211; issues of national minorities, political myths, dominant narratives and the culture of memory &#8211; Golubi\u0107 2021\",\"datePublished\":\"2021-08-26T22:25:00+00:00\",\"dateModified\":\"2023-11-27T11:50:17+00:00\",\"mainEntityOfPage\":{\"@id\":\"https:\/\/chdr-ns.com\/en\/croatian-serbian-relations-issues-of-national-minorities-political-myths-dominant-narratives-and-the-culture-of-memory-golubic-2021\/\"},\"wordCount\":468,\"publisher\":{\"@id\":\"https:\/\/chdr-ns.com\/en\/#organization\"},\"image\":{\"@id\":\"https:\/\/chdr-ns.com\/en\/croatian-serbian-relations-issues-of-national-minorities-political-myths-dominant-narratives-and-the-culture-of-memory-golubic-2021\/#primaryimage\"},\"thumbnailUrl\":\"https:\/\/chdr-ns.com\/wp-content\/uploads\/Golubic-14.jpg\",\"keywords\":[\"Piglet\"],\"articleSection\":[\"International Scientific Meeting\",\"National Minorities\",\"policy of regional stability and reconciliation\",\"Serbian-Croatian relations\",\"the culture of memory\"],\"inLanguage\":\"en-US\"},{\"@type\":\"WebPage\",\"@id\":\"https:\/\/chdr-ns.com\/en\/croatian-serbian-relations-issues-of-national-minorities-political-myths-dominant-narratives-and-the-culture-of-memory-golubic-2021\/\",\"url\":\"https:\/\/chdr-ns.com\/en\/croatian-serbian-relations-issues-of-national-minorities-political-myths-dominant-narratives-and-the-culture-of-memory-golubic-2021\/\",\"name\":\"National minorities, political myths, narratives and memory culture\",\"isPartOf\":{\"@id\":\"https:\/\/chdr-ns.com\/en\/#website\"},\"primaryImageOfPage\":{\"@id\":\"https:\/\/chdr-ns.com\/en\/croatian-serbian-relations-issues-of-national-minorities-political-myths-dominant-narratives-and-the-culture-of-memory-golubic-2021\/#primaryimage\"},\"image\":{\"@id\":\"https:\/\/chdr-ns.com\/en\/croatian-serbian-relations-issues-of-national-minorities-political-myths-dominant-narratives-and-the-culture-of-memory-golubic-2021\/#primaryimage\"},\"thumbnailUrl\":\"https:\/\/chdr-ns.com\/wp-content\/uploads\/Golubic-14.jpg\",\"datePublished\":\"2021-08-26T22:25:00+00:00\",\"dateModified\":\"2023-11-27T11:50:17+00:00\",\"description\":\"The meeting \\\"Croatian-Serbian relations - issues of national minorities, political myths, dominant narratives and culture of memory\\\" was held in Golubi\u0107.\",\"breadcrumb\":{\"@id\":\"https:\/\/chdr-ns.com\/en\/croatian-serbian-relations-issues-of-national-minorities-political-myths-dominant-narratives-and-the-culture-of-memory-golubic-2021\/#breadcrumb\"},\"inLanguage\":\"en-US\",\"potentialAction\":[{\"@type\":\"ReadAction\",\"target\":[\"https:\/\/chdr-ns.com\/en\/croatian-serbian-relations-issues-of-national-minorities-political-myths-dominant-narratives-and-the-culture-of-memory-golubic-2021\/\"]}]},{\"@type\":\"ImageObject\",\"inLanguage\":\"en-US\",\"@id\":\"https:\/\/chdr-ns.com\/en\/croatian-serbian-relations-issues-of-national-minorities-political-myths-dominant-narratives-and-the-culture-of-memory-golubic-2021\/#primaryimage\",\"url\":\"https:\/\/chdr-ns.com\/wp-content\/uploads\/Golubic-14.jpg\",\"contentUrl\":\"https:\/\/chdr-ns.com\/wp-content\/uploads\/Golubic-14.jpg\",\"width\":1080,\"height\":1080},{\"@type\":\"BreadcrumbList\",\"@id\":\"https:\/\/chdr-ns.com\/en\/croatian-serbian-relations-issues-of-national-minorities-political-myths-dominant-narratives-and-the-culture-of-memory-golubic-2021\/#breadcrumb\",\"itemListElement\":[{\"@type\":\"ListItem\",\"position\":1,\"name\":\"Home\",\"item\":\"https:\/\/chdr-ns.com\/en\/home-page\/\"},{\"@type\":\"ListItem\",\"position\":2,\"name\":\"Croatian-Serbian relations &#8211; issues of national minorities, political myths, dominant narratives and the culture of memory &#8211; Golubi\u0107 2021\"}]},{\"@type\":\"WebSite\",\"@id\":\"https:\/\/chdr-ns.com\/en\/#website\",\"url\":\"https:\/\/chdr-ns.com\/en\/\",\"name\":\"Centar za istoriju demokratiju i pomirenje-CHDR\",\"description\":\"CHDR je nevladina, neprofitna i nestrana\u010dka organizacija\",\"publisher\":{\"@id\":\"https:\/\/chdr-ns.com\/en\/#organization\"},\"alternateName\":\"CHDR\",\"potentialAction\":[{\"@type\":\"SearchAction\",\"target\":{\"@type\":\"EntryPoint\",\"urlTemplate\":\"https:\/\/chdr-ns.com\/en\/?s={search_term_string}\"},\"query-input\":{\"@type\":\"PropertyValueSpecification\",\"valueRequired\":true,\"valueName\":\"search_term_string\"}}],\"inLanguage\":\"en-US\"},{\"@type\":\"Organization\",\"@id\":\"https:\/\/chdr-ns.com\/en\/#organization\",\"name\":\"Centar za istoriju, demokratiju i pomirenje\",\"alternateName\":\"CHDR\",\"url\":\"https:\/\/chdr-ns.com\/en\/\",\"logo\":{\"@type\":\"ImageObject\",\"inLanguage\":\"en-US\",\"@id\":\"https:\/\/chdr-ns.com\/en\/#\/schema\/logo\/image\/\",\"url\":\"https:\/\/chdr-ns.com\/wp-content\/uploads\/2023\/02\/chdr-logo-2.png\",\"contentUrl\":\"https:\/\/chdr-ns.com\/wp-content\/uploads\/2023\/02\/chdr-logo-2.png\",\"width\":350,\"height\":100,\"caption\":\"Centar za istoriju, demokratiju i pomirenje\"},\"image\":{\"@id\":\"https:\/\/chdr-ns.com\/en\/#\/schema\/logo\/image\/\"},\"sameAs\":[\"https:\/\/www.facebook.com\/centerforhistoryandreconciliation\"]},{\"@type\":\"Person\",\"@id\":\"https:\/\/chdr-ns.com\/en\/#\/schema\/person\/d78497ac6032c39bd7b265aed5368281\",\"name\":\"SesillSLG\",\"image\":{\"@type\":\"ImageObject\",\"inLanguage\":\"en-US\",\"@id\":\"https:\/\/chdr-ns.com\/en\/#\/schema\/person\/image\/\",\"url\":\"https:\/\/secure.gravatar.com\/avatar\/ebdad80177b1f28db1bd56bdf2dbe54852cb5b841ba48cb351c7389ac7e2426f?s=96&d=mm&r=g\",\"contentUrl\":\"https:\/\/secure.gravatar.com\/avatar\/ebdad80177b1f28db1bd56bdf2dbe54852cb5b841ba48cb351c7389ac7e2426f?s=96&d=mm&r=g\",\"caption\":\"SesillSLG\"},\"sameAs\":[\"https:\/\/chdr-ns.com\"]}]}<\/script>\n<!-- \/ Yoast SEO plugin. -->","yoast_head_json":{"title":"National minorities, political myths, narratives and memory culture","description":"The meeting \"Croatian-Serbian relations - issues of national minorities, political myths, dominant narratives and culture of memory\" was held in Golubi\u0107.","robots":{"index":"index","follow":"follow","max-snippet":"max-snippet:-1","max-image-preview":"max-image-preview:large","max-video-preview":"max-video-preview:-1"},"canonical":"https:\/\/chdr-ns.com\/en\/croatian-serbian-relations-issues-of-national-minorities-political-myths-dominant-narratives-and-the-culture-of-memory-golubic-2021\/","og_locale":"en_US","og_type":"article","og_title":"National minorities, political myths, narratives and memory culture","og_description":"The meeting \"Croatian-Serbian relations - issues of national minorities, political myths, dominant narratives and culture of memory\" was held in Golubi\u0107.","og_url":"https:\/\/chdr-ns.com\/en\/croatian-serbian-relations-issues-of-national-minorities-political-myths-dominant-narratives-and-the-culture-of-memory-golubic-2021\/","og_site_name":"Centar za istoriju demokratiju i pomirenje-CHDR","article_publisher":"https:\/\/www.facebook.com\/centerforhistoryandreconciliation","article_published_time":"2021-08-26T22:25:00+00:00","article_modified_time":"2023-11-27T11:50:17+00:00","og_image":[{"width":1080,"height":1080,"url":"https:\/\/chdr-ns.com\/wp-content\/uploads\/Golubic-14.jpg","type":"image\/jpeg"}],"author":"SesillSLG","twitter_card":"summary_large_image","twitter_misc":{"Written by":"SesillSLG","Est. reading time":"2 minutes"},"schema":{"@context":"https:\/\/schema.org","@graph":[{"@type":"Article","@id":"https:\/\/chdr-ns.com\/en\/croatian-serbian-relations-issues-of-national-minorities-political-myths-dominant-narratives-and-the-culture-of-memory-golubic-2021\/#article","isPartOf":{"@id":"https:\/\/chdr-ns.com\/en\/croatian-serbian-relations-issues-of-national-minorities-political-myths-dominant-narratives-and-the-culture-of-memory-golubic-2021\/"},"author":{"name":"SesillSLG","@id":"https:\/\/chdr-ns.com\/en\/#\/schema\/person\/d78497ac6032c39bd7b265aed5368281"},"headline":"Croatian-Serbian relations &#8211; issues of national minorities, political myths, dominant narratives and the culture of memory &#8211; Golubi\u0107 2021","datePublished":"2021-08-26T22:25:00+00:00","dateModified":"2023-11-27T11:50:17+00:00","mainEntityOfPage":{"@id":"https:\/\/chdr-ns.com\/en\/croatian-serbian-relations-issues-of-national-minorities-political-myths-dominant-narratives-and-the-culture-of-memory-golubic-2021\/"},"wordCount":468,"publisher":{"@id":"https:\/\/chdr-ns.com\/en\/#organization"},"image":{"@id":"https:\/\/chdr-ns.com\/en\/croatian-serbian-relations-issues-of-national-minorities-political-myths-dominant-narratives-and-the-culture-of-memory-golubic-2021\/#primaryimage"},"thumbnailUrl":"https:\/\/chdr-ns.com\/wp-content\/uploads\/Golubic-14.jpg","keywords":["Piglet"],"articleSection":["International Scientific Meeting","National Minorities","policy of regional stability and reconciliation","Serbian-Croatian relations","the culture of memory"],"inLanguage":"en-US"},{"@type":"WebPage","@id":"https:\/\/chdr-ns.com\/en\/croatian-serbian-relations-issues-of-national-minorities-political-myths-dominant-narratives-and-the-culture-of-memory-golubic-2021\/","url":"https:\/\/chdr-ns.com\/en\/croatian-serbian-relations-issues-of-national-minorities-political-myths-dominant-narratives-and-the-culture-of-memory-golubic-2021\/","name":"National minorities, political myths, narratives and memory culture","isPartOf":{"@id":"https:\/\/chdr-ns.com\/en\/#website"},"primaryImageOfPage":{"@id":"https:\/\/chdr-ns.com\/en\/croatian-serbian-relations-issues-of-national-minorities-political-myths-dominant-narratives-and-the-culture-of-memory-golubic-2021\/#primaryimage"},"image":{"@id":"https:\/\/chdr-ns.com\/en\/croatian-serbian-relations-issues-of-national-minorities-political-myths-dominant-narratives-and-the-culture-of-memory-golubic-2021\/#primaryimage"},"thumbnailUrl":"https:\/\/chdr-ns.com\/wp-content\/uploads\/Golubic-14.jpg","datePublished":"2021-08-26T22:25:00+00:00","dateModified":"2023-11-27T11:50:17+00:00","description":"The meeting \"Croatian-Serbian relations - issues of national minorities, political myths, dominant narratives and culture of memory\" was held in Golubi\u0107.","breadcrumb":{"@id":"https:\/\/chdr-ns.com\/en\/croatian-serbian-relations-issues-of-national-minorities-political-myths-dominant-narratives-and-the-culture-of-memory-golubic-2021\/#breadcrumb"},"inLanguage":"en-US","potentialAction":[{"@type":"ReadAction","target":["https:\/\/chdr-ns.com\/en\/croatian-serbian-relations-issues-of-national-minorities-political-myths-dominant-narratives-and-the-culture-of-memory-golubic-2021\/"]}]},{"@type":"ImageObject","inLanguage":"en-US","@id":"https:\/\/chdr-ns.com\/en\/croatian-serbian-relations-issues-of-national-minorities-political-myths-dominant-narratives-and-the-culture-of-memory-golubic-2021\/#primaryimage","url":"https:\/\/chdr-ns.com\/wp-content\/uploads\/Golubic-14.jpg","contentUrl":"https:\/\/chdr-ns.com\/wp-content\/uploads\/Golubic-14.jpg","width":1080,"height":1080},{"@type":"BreadcrumbList","@id":"https:\/\/chdr-ns.com\/en\/croatian-serbian-relations-issues-of-national-minorities-political-myths-dominant-narratives-and-the-culture-of-memory-golubic-2021\/#breadcrumb","itemListElement":[{"@type":"ListItem","position":1,"name":"Home","item":"https:\/\/chdr-ns.com\/en\/home-page\/"},{"@type":"ListItem","position":2,"name":"Croatian-Serbian relations &#8211; issues of national minorities, political myths, dominant narratives and the culture of memory &#8211; Golubi\u0107 2021"}]},{"@type":"WebSite","@id":"https:\/\/chdr-ns.com\/en\/#website","url":"https:\/\/chdr-ns.com\/en\/","name":"Centar za istoriju demokratiju i pomirenje-CHDR","description":"CHDR je nevladina, neprofitna i nestrana\u010dka organizacija","publisher":{"@id":"https:\/\/chdr-ns.com\/en\/#organization"},"alternateName":"CHDR","potentialAction":[{"@type":"SearchAction","target":{"@type":"EntryPoint","urlTemplate":"https:\/\/chdr-ns.com\/en\/?s={search_term_string}"},"query-input":{"@type":"PropertyValueSpecification","valueRequired":true,"valueName":"search_term_string"}}],"inLanguage":"en-US"},{"@type":"Organization","@id":"https:\/\/chdr-ns.com\/en\/#organization","name":"Centar za istoriju, demokratiju i pomirenje","alternateName":"CHDR","url":"https:\/\/chdr-ns.com\/en\/","logo":{"@type":"ImageObject","inLanguage":"en-US","@id":"https:\/\/chdr-ns.com\/en\/#\/schema\/logo\/image\/","url":"https:\/\/chdr-ns.com\/wp-content\/uploads\/2023\/02\/chdr-logo-2.png","contentUrl":"https:\/\/chdr-ns.com\/wp-content\/uploads\/2023\/02\/chdr-logo-2.png","width":350,"height":100,"caption":"Centar za istoriju, demokratiju i pomirenje"},"image":{"@id":"https:\/\/chdr-ns.com\/en\/#\/schema\/logo\/image\/"},"sameAs":["https:\/\/www.facebook.com\/centerforhistoryandreconciliation"]},{"@type":"Person","@id":"https:\/\/chdr-ns.com\/en\/#\/schema\/person\/d78497ac6032c39bd7b265aed5368281","name":"SesillSLG","image":{"@type":"ImageObject","inLanguage":"en-US","@id":"https:\/\/chdr-ns.com\/en\/#\/schema\/person\/image\/","url":"https:\/\/secure.gravatar.com\/avatar\/ebdad80177b1f28db1bd56bdf2dbe54852cb5b841ba48cb351c7389ac7e2426f?s=96&d=mm&r=g","contentUrl":"https:\/\/secure.gravatar.com\/avatar\/ebdad80177b1f28db1bd56bdf2dbe54852cb5b841ba48cb351c7389ac7e2426f?s=96&d=mm&r=g","caption":"SesillSLG"},"sameAs":["https:\/\/chdr-ns.com"]}]}},"_links":{"self":[{"href":"https:\/\/chdr-ns.com\/en\/wp-json\/wp\/v2\/posts\/8552","targetHints":{"allow":["GET"]}}],"collection":[{"href":"https:\/\/chdr-ns.com\/en\/wp-json\/wp\/v2\/posts"}],"about":[{"href":"https:\/\/chdr-ns.com\/en\/wp-json\/wp\/v2\/types\/post"}],"author":[{"embeddable":true,"href":"https:\/\/chdr-ns.com\/en\/wp-json\/wp\/v2\/users\/1"}],"replies":[{"embeddable":true,"href":"https:\/\/chdr-ns.com\/en\/wp-json\/wp\/v2\/comments?post=8552"}],"version-history":[{"count":6,"href":"https:\/\/chdr-ns.com\/en\/wp-json\/wp\/v2\/posts\/8552\/revisions"}],"predecessor-version":[{"id":8614,"href":"https:\/\/chdr-ns.com\/en\/wp-json\/wp\/v2\/posts\/8552\/revisions\/8614"}],"wp:featuredmedia":[{"embeddable":true,"href":"https:\/\/chdr-ns.com\/en\/wp-json\/wp\/v2\/media\/8505"}],"wp:attachment":[{"href":"https:\/\/chdr-ns.com\/en\/wp-json\/wp\/v2\/media?parent=8552"}],"wp:term":[{"taxonomy":"category","embeddable":true,"href":"https:\/\/chdr-ns.com\/en\/wp-json\/wp\/v2\/categories?post=8552"},{"taxonomy":"post_tag","embeddable":true,"href":"https:\/\/chdr-ns.com\/en\/wp-json\/wp\/v2\/tags?post=8552"}],"curies":[{"name":"wp","href":"https:\/\/api.w.org\/{rel}","templated":true}]}}