{"id":8805,"date":"2008-02-07T18:00:00","date_gmt":"2008-02-07T17:00:00","guid":{"rendered":"https:\/\/chdr-ns.com\/the-second-world-war-and-the-national-question-in-the-former-yugoslavia\/"},"modified":"2023-11-27T13:05:35","modified_gmt":"2023-11-27T12:05:35","slug":"the-second-world-war-and-the-national-question-in-the-former-yugoslavia","status":"publish","type":"post","link":"https:\/\/chdr-ns.com\/en\/the-second-world-war-and-the-national-question-in-the-former-yugoslavia\/","title":{"rendered":"The Second World War and the national question in the former Yugoslavia"},"content":{"rendered":"\t\t<div data-elementor-type=\"wp-post\" data-elementor-id=\"8805\" class=\"elementor elementor-8805 elementor-3080\" data-elementor-post-type=\"post\">\n\t\t\t\t\t\t<section class=\"elementor-section elementor-top-section elementor-element elementor-element-3bce277 elementor-section-boxed elementor-section-height-default elementor-section-height-default\" data-id=\"3bce277\" data-element_type=\"section\">\n\t\t\t\t\t\t<div class=\"elementor-container elementor-column-gap-default\">\n\t\t\t\t\t<div class=\"elementor-column elementor-col-100 elementor-top-column elementor-element elementor-element-4da8582\" data-id=\"4da8582\" data-element_type=\"column\">\n\t\t\t<div class=\"elementor-widget-wrap elementor-element-populated\">\n\t\t\t\t\t\t<div class=\"elementor-element elementor-element-f250716 elementor-widget elementor-widget-heading\" data-id=\"f250716\" data-element_type=\"widget\" data-widget_type=\"heading.default\">\n\t\t\t\t<div class=\"elementor-widget-container\">\n\t\t\t\t\t<h2 class=\"elementor-heading-title elementor-size-default\">The Second World War and the National Question in the Former Yugoslavia - A Common Historical Narrative<\/h2>\t\t\t\t<\/div>\n\t\t\t\t<\/div>\n\t\t\t\t<div class=\"elementor-element elementor-element-42f695d elementor-widget elementor-widget-text-editor\" data-id=\"42f695d\" data-element_type=\"widget\" data-widget_type=\"text-editor.default\">\n\t\t\t\t<div class=\"elementor-widget-container\">\n\t\t\t\t\t\t\t\t\t<p>The international meeting of historians &#8220;The Second World War and the National Question in the Former Yugoslavia &#8211; Common Historical Narrative&#8221; was held in Seville from 01.31.2008. until February 3, 2008.<\/p>\n<p>The organizers of the meeting were: <a href=\"https:\/\/chdr-ns.com\/en\/\" target=\"_blank\" rel=\"noopener\">Center for History, Democracy and Reconciliation from Novi Sad<\/a> and <a href=\"http:\/\/tresculturas.org\/\" target=\"_blank\" rel=\"noopener\">Tres Culturas<\/a> Foundation from Seville.<\/p>\n<p>On behalf of the hosts of the meeting <b>, Dario Marim\u00f3n<\/b> and <b>Germinal Gil<\/b> opened the meeting with an introductory lecture.<\/p>\n<p>In front of the Center for History, Democracy and Reconciliation, the work of this organization was presented by <a href=\"https:\/\/chdr-ns.com\/en\/darko-gavrilovic\/\" target=\"_blank\" rel=\"noopener\"><b>Darko Gavrilovi\u0107<\/b><\/a> , the president of the founding board.<\/p>\n\t\t\t\t\t\t\t\t<\/div>\n\t\t\t\t<\/div>\n\t\t\t\t<div class=\"elementor-element elementor-element-0805b0f elementor-widget elementor-widget-text-editor\" data-id=\"0805b0f\" data-element_type=\"widget\" data-widget_type=\"text-editor.default\">\n\t\t\t\t<div class=\"elementor-widget-container\">\n\t\t\t\t\t\t\t\t\t<p>This conference aims to explore further debates and issues related to the Second World War period in Yugoslavia and its impact on contemporary politics. The aim is to illuminate the events of the recent past in order to understand the current political processes and the misunderstandings that still exist.<\/p>\n\t\t\t\t\t\t\t\t<\/div>\n\t\t\t\t<\/div>\n\t\t\t\t<div class=\"elementor-element elementor-element-5474be5 elementor-widget elementor-widget-text-editor\" data-id=\"5474be5\" data-element_type=\"widget\" data-widget_type=\"text-editor.default\">\n\t\t\t\t<div class=\"elementor-widget-container\">\n\t\t\t\t\t\t\t\t\t<p>One of the main reasons for the war in the former Yugoslavia during the nineties was the unresolved national question. It led to the tragedy of the Second World War. It was subsequently suppressed during socialist Yugoslavia. Even today, the national question remains a contentious issue in Yugoslav successors, especially in Bosnia and Herzegovina.<\/p>\n\t\t\t\t\t\t\t\t<\/div>\n\t\t\t\t<\/div>\n\t\t\t\t<div class=\"elementor-element elementor-element-7f6743a elementor-widget elementor-widget-heading\" data-id=\"7f6743a\" data-element_type=\"widget\" data-widget_type=\"heading.default\">\n\t\t\t\t<div class=\"elementor-widget-container\">\n\t\t\t\t\t<span class=\"elementor-heading-title elementor-size-default\">Research teams<\/span>\t\t\t\t<\/div>\n\t\t\t\t<\/div>\n\t\t\t\t<div class=\"elementor-element elementor-element-4ba0ea9 elementor-widget elementor-widget-text-editor\" data-id=\"4ba0ea9\" data-element_type=\"widget\" data-widget_type=\"text-editor.default\">\n\t\t\t\t<div class=\"elementor-widget-container\">\n\t\t\t\t\t\t\t\t\t<p>The participants of the meeting were divided into three working groups on the first day of work:  <\/p>\n<ol>\n<li><b>Chetniks &#8211; controversies in historiography<\/b> (participants: Darko Gavrilovi\u0107, Mile Bjelajac, Predrag Markovi\u0107, Snjezana Koren),  <\/li>\n<li><b>Synthetic nations and national concepts and ideas during World War II<\/b> (participants: Ljubi\u0161a Despotovi\u0107, Adnan Jahi\u0107, Marko Atila Hoare, Goran Hutinec, Neven An\u0111eli\u0107), and  <\/li>\n<li><b>Memories and memories of World War II in contemporary historiography and history textbooks<\/b> (participants: Vjeran Pavlakovi\u0107, Tvrtko Jakovina, Mila Orli\u0107, Ljubodrag Dimi\u0107, Ranka Ga\u0161i\u0107).<\/li>\n<\/ol>\n\t\t\t\t\t\t\t\t<\/div>\n\t\t\t\t<\/div>\n\t\t\t\t<div class=\"elementor-element elementor-element-5e17955 elementor-widget elementor-widget-heading\" data-id=\"5e17955\" data-element_type=\"widget\" data-widget_type=\"heading.default\">\n\t\t\t\t<div class=\"elementor-widget-container\">\n\t\t\t\t\t<span class=\"elementor-heading-title elementor-size-default\">Plans for the \"Common Historical Narrative\" project<\/span>\t\t\t\t<\/div>\n\t\t\t\t<\/div>\n\t\t\t\t<div class=\"elementor-element elementor-element-66adca5 elementor-widget elementor-widget-text-editor\" data-id=\"66adca5\" data-element_type=\"widget\" data-widget_type=\"text-editor.default\">\n\t\t\t\t<div class=\"elementor-widget-container\">\n\t\t\t\t\t\t\t\t\t<p><span style=\"color: var( --e-global-color-text ); font-family: var( --e-global-typography-text-font-family ), Sans-serif; font-size: var( --e-global-typography-text-font-size ); font-weight: var( --e-global-typography-text-font-weight ); background-color: var( --e-global-color-ebbd70c );\">The goal of the project and further plans were presented in their presentations by: Elazar Barkan, professor at Columbia University and director of the Institute for Historical Justice and Reconciliation (IHJR); Darko Gavrilovi\u0107, professor at the Faculty of Philosophy in Novi Sad and president of the founding board of the Center for History, Democracy and Reconciliation.<\/span><\/p>\n\t\t\t\t\t\t\t\t<\/div>\n\t\t\t\t<\/div>\n\t\t\t\t<div class=\"elementor-element elementor-element-84cef74 elementor-widget elementor-widget-text-editor\" data-id=\"84cef74\" data-element_type=\"widget\" data-widget_type=\"text-editor.default\">\n\t\t\t\t<div class=\"elementor-widget-container\">\n\t\t\t\t\t\t\t\t\t<p><b>Elazar Barkan<\/b> presented examples of similar projects from other parts of the world that IHJR is working on: reconciliation between Palestinians and Israelis, India and Pakistan, Turkey and Armenia, Poles and Jews. Those projects involve making historical maps of the world for the period after 1948. year, based on the facts that historians determine jointly.  <\/p>\n<p>He also mentioned projects that focus on the so-called holy places, common to several religions, which aims to reduce inter-religious tensions.  <\/p>\n<p>A common historical narrative is the goal of these projects, as one of the paths to reconciliation.<\/p>\n\t\t\t\t\t\t\t\t<\/div>\n\t\t\t\t<\/div>\n\t\t\t\t<div class=\"elementor-element elementor-element-bc4ed09 elementor-widget elementor-widget-text-editor\" data-id=\"bc4ed09\" data-element_type=\"widget\" data-widget_type=\"text-editor.default\">\n\t\t\t\t<div class=\"elementor-widget-container\">\n\t\t\t\t\t\t\t\t\t<p><b>Darko Gavrilovi\u0107<\/b> presented concrete proposals for the processing of topics that should contribute to the achievement of this goal in the territory of the former Yugoslavia: the study of the history of refugees and camp inmates. Also, the demythologizing of history, especially through school and university textbooks.<\/p>\n\t\t\t\t\t\t\t\t<\/div>\n\t\t\t\t<\/div>\n\t\t\t\t<div class=\"elementor-element elementor-element-fd6a6ac elementor-widget elementor-widget-heading\" data-id=\"fd6a6ac\" data-element_type=\"widget\" data-widget_type=\"heading.default\">\n\t\t\t\t<div class=\"elementor-widget-container\">\n\t\t\t\t\t<span class=\"elementor-heading-title elementor-size-default\">Conference results<\/span>\t\t\t\t<\/div>\n\t\t\t\t<\/div>\n\t\t\t\t<div class=\"elementor-element elementor-element-08ead93 elementor-widget elementor-widget-text-editor\" data-id=\"08ead93\" data-element_type=\"widget\" data-widget_type=\"text-editor.default\">\n\t\t\t\t<div class=\"elementor-widget-container\">\n\t\t\t\t\t\t\t\t\t<p>At the meeting, it was concluded that a network of researchers of different profiles from all countries of the region should be formed. Their task would be to respond to non-scientific and ideologically motivated historical essays through documents and scientific works. Such a network would be able to react on a scientific and professional basis in moments of crisis in society and achieve an effect on public opinion.  <\/p>\n\t\t\t\t\t\t\t\t<\/div>\n\t\t\t\t<\/div>\n\t\t\t\t<div class=\"elementor-element elementor-element-26df739 elementor-widget elementor-widget-text-editor\" data-id=\"26df739\" data-element_type=\"widget\" data-widget_type=\"text-editor.default\">\n\t\t\t\t<div class=\"elementor-widget-container\">\n\t\t\t\t\t\t\t\t\t<p>In order to make the efforts of the gathered historians concrete, decisions were made about future projects: &#8220;Resistance and collaboration&#8221; (project leaders Mile Bjelajac and Vjeran Pavlakovi\u0107). &#8220;Tito and the National Question&#8221; (project leaders Ljubodrag Dimi\u0107 and Tvrtko Jakovina). &#8220;Mapping national identities on the territory of Yugoslavia&#8221; (project leaders Ljubi\u0161a Despotovi\u0107 and Ranka Ga\u0161i\u0107).  <\/p>\n<p>Since CHDR has already developed three projects: &#8220;Refugees in the Balkans in the 20 century&#8221;, &#8220;Second World War and the National Question&#8221; and &#8220;Myths and Stereotypes of Nationalism and Communism&#8221;, a decision was made to combine the existing projects into one joint project. Thus, the synergy of gathered historians, sociologists and political scientists would be greater.<\/p>\n\t\t\t\t\t\t\t\t<\/div>\n\t\t\t\t<\/div>\n\t\t\t\t\t<\/div>\n\t\t<\/div>\n\t\t\t\t\t<\/div>\n\t\t<\/section>\n\t\t\t\t<section class=\"elementor-section elementor-top-section elementor-element elementor-element-a7d127b elementor-section-boxed elementor-section-height-default elementor-section-height-default\" data-id=\"a7d127b\" data-element_type=\"section\">\n\t\t\t\t\t\t<div class=\"elementor-container elementor-column-gap-default\">\n\t\t\t\t\t<div class=\"elementor-column elementor-col-100 elementor-top-column elementor-element elementor-element-9907ad9\" data-id=\"9907ad9\" data-element_type=\"column\">\n\t\t\t<div class=\"elementor-widget-wrap elementor-element-populated\">\n\t\t\t\t\t\t<div class=\"elementor-element elementor-element-58409cf elementor-widget-divider--view-line elementor-widget elementor-widget-divider\" data-id=\"58409cf\" data-element_type=\"widget\" data-widget_type=\"divider.default\">\n\t\t\t\t<div class=\"elementor-widget-container\">\n\t\t\t\t\t\t\t<div class=\"elementor-divider\">\n\t\t\t<span class=\"elementor-divider-separator\">\n\t\t\t\t\t\t<\/span>\n\t\t<\/div>\n\t\t\t\t\t\t<\/div>\n\t\t\t\t<\/div>\n\t\t\t\t<div class=\"elementor-element elementor-element-a588656 elementor-widget elementor-widget-heading\" data-id=\"a588656\" data-element_type=\"widget\" data-widget_type=\"heading.default\">\n\t\t\t\t<div class=\"elementor-widget-container\">\n\t\t\t\t\t<h2 class=\"elementor-heading-title elementor-size-default\">Scientific papers from the conference \"The Second World War and the National Question in the Former Yugoslavia - Common Historical Narrative\" in PDF format:  <\/h2>\t\t\t\t<\/div>\n\t\t\t\t<\/div>\n\t\t\t\t<div class=\"elementor-element elementor-element-1356f9b elementor-icon-list--layout-traditional elementor-list-item-link-full_width elementor-widget elementor-widget-icon-list\" data-id=\"1356f9b\" data-element_type=\"widget\" data-widget_type=\"icon-list.default\">\n\t\t\t\t<div class=\"elementor-widget-container\">\n\t\t\t\t\t\t\t<ul class=\"elementor-icon-list-items\">\n\t\t\t\t\t\t\t<li class=\"elementor-icon-list-item\">\n\t\t\t\t\t\t\t\t\t\t\t<a href=\"https:\/\/chdr-ns.com\/pdf\/Darko-Gavrilovic-Two-Questiosns-About-Chetniks-that-can-be-Taken-as-Possible-Path-for-Opening-The-Controversies-about-The-Role-of-Chetniks-in-The-Second-World-War-from-the-1941-till-the-1943.pdf\" target=\"_blank\">\n\n\t\t\t\t\t\t\t\t\t\t\t\t<span class=\"elementor-icon-list-icon\">\n\t\t\t\t\t\t\t<svg aria-hidden=\"true\" class=\"e-font-icon-svg e-far-file-pdf\" viewBox=\"0 0 384 512\" xmlns=\"http:\/\/www.w3.org\/2000\/svg\"><path d=\"M369.9 97.9L286 14C277 5 264.8-.1 252.1-.1H48C21.5 0 0 21.5 0 48v416c0 26.5 21.5 48 48 48h288c26.5 0 48-21.5 48-48V131.9c0-12.7-5.1-25-14.1-34zM332.1 128H256V51.9l76.1 76.1zM48 464V48h160v104c0 13.3 10.7 24 24 24h104v288H48zm250.2-143.7c-12.2-12-47-8.7-64.4-6.5-17.2-10.5-28.7-25-36.8-46.3 3.9-16.1 10.1-40.6 5.4-56-4.2-26.2-37.8-23.6-42.6-5.9-4.4 16.1-.4 38.5 7 67.1-10 23.9-24.9 56-35.4 74.4-20 10.3-47 26.2-51 46.2-3.3 15.8 26 55.2 76.1-31.2 22.4-7.4 46.8-16.5 68.4-20.1 18.9 10.2 41 17 55.8 17 25.5 0 28-28.2 17.5-38.7zm-198.1 77.8c5.1-13.7 24.5-29.5 30.4-35-19 30.3-30.4 35.7-30.4 35zm81.6-190.6c7.4 0 6.7 32.1 1.8 40.8-4.4-13.9-4.3-40.8-1.8-40.8zm-24.4 136.6c9.7-16.9 18-37 24.7-54.7 8.3 15.1 18.9 27.2 30.1 35.5-20.8 4.3-38.9 13.1-54.8 19.2zm131.6-5s-5 6-37.3-7.8c35.1-2.6 40.9 5.4 37.3 7.8z\"><\/path><\/svg>\t\t\t\t\t\t<\/span>\n\t\t\t\t\t\t\t\t\t\t<span class=\"elementor-icon-list-text\">Darko Gavrilovi\u0107: Two Questions About Chetniks that can be Taken as Possible Path for Opening The Controversies about The Role of Chetniks in The Second World War from the 1941 to the 1943.<\/span>\n\t\t\t\t\t\t\t\t\t\t\t<\/a>\n\t\t\t\t\t\t\t\t\t<\/li>\n\t\t\t\t\t\t\t\t<li class=\"elementor-icon-list-item\">\n\t\t\t\t\t\t\t\t\t\t\t<a href=\"https:\/\/chdr-ns.com\/pdf\/Mila-Orlic-Drugi-svjetski-rat-na-podrucju-Istre-i-fenomen-fojbi.pdf\" target=\"_blank\">\n\n\t\t\t\t\t\t\t\t\t\t\t\t<span class=\"elementor-icon-list-icon\">\n\t\t\t\t\t\t\t<svg aria-hidden=\"true\" class=\"e-font-icon-svg e-far-file-pdf\" viewBox=\"0 0 384 512\" xmlns=\"http:\/\/www.w3.org\/2000\/svg\"><path d=\"M369.9 97.9L286 14C277 5 264.8-.1 252.1-.1H48C21.5 0 0 21.5 0 48v416c0 26.5 21.5 48 48 48h288c26.5 0 48-21.5 48-48V131.9c0-12.7-5.1-25-14.1-34zM332.1 128H256V51.9l76.1 76.1zM48 464V48h160v104c0 13.3 10.7 24 24 24h104v288H48zm250.2-143.7c-12.2-12-47-8.7-64.4-6.5-17.2-10.5-28.7-25-36.8-46.3 3.9-16.1 10.1-40.6 5.4-56-4.2-26.2-37.8-23.6-42.6-5.9-4.4 16.1-.4 38.5 7 67.1-10 23.9-24.9 56-35.4 74.4-20 10.3-47 26.2-51 46.2-3.3 15.8 26 55.2 76.1-31.2 22.4-7.4 46.8-16.5 68.4-20.1 18.9 10.2 41 17 55.8 17 25.5 0 28-28.2 17.5-38.7zm-198.1 77.8c5.1-13.7 24.5-29.5 30.4-35-19 30.3-30.4 35.7-30.4 35zm81.6-190.6c7.4 0 6.7 32.1 1.8 40.8-4.4-13.9-4.3-40.8-1.8-40.8zm-24.4 136.6c9.7-16.9 18-37 24.7-54.7 8.3 15.1 18.9 27.2 30.1 35.5-20.8 4.3-38.9 13.1-54.8 19.2zm131.6-5s-5 6-37.3-7.8c35.1-2.6 40.9 5.4 37.3 7.8z\"><\/path><\/svg>\t\t\t\t\t\t<\/span>\n\t\t\t\t\t\t\t\t\t\t<span class=\"elementor-icon-list-text\">Mila Orli\u0107: The Second World War in the territory of Istria and the phenomenon of \"phobes\"<\/span>\n\t\t\t\t\t\t\t\t\t\t\t<\/a>\n\t\t\t\t\t\t\t\t\t<\/li>\n\t\t\t\t\t\t\t\t<li class=\"elementor-icon-list-item\">\n\t\t\t\t\t\t\t\t\t\t\t<a href=\"https:\/\/chdr-ns.com\/pdf\/Ljubisa-Despotovic-Koncept-sinteticke-nacije-kao-proizvod-ideologije-konfesionalne-dominacije-u-II-svetskom-ratu-na-prostoru-Kraljevine-Jugoslavije.pdf\" target=\"_blank\">\n\n\t\t\t\t\t\t\t\t\t\t\t\t<span class=\"elementor-icon-list-icon\">\n\t\t\t\t\t\t\t<svg aria-hidden=\"true\" class=\"e-font-icon-svg e-far-file-pdf\" viewBox=\"0 0 384 512\" xmlns=\"http:\/\/www.w3.org\/2000\/svg\"><path d=\"M369.9 97.9L286 14C277 5 264.8-.1 252.1-.1H48C21.5 0 0 21.5 0 48v416c0 26.5 21.5 48 48 48h288c26.5 0 48-21.5 48-48V131.9c0-12.7-5.1-25-14.1-34zM332.1 128H256V51.9l76.1 76.1zM48 464V48h160v104c0 13.3 10.7 24 24 24h104v288H48zm250.2-143.7c-12.2-12-47-8.7-64.4-6.5-17.2-10.5-28.7-25-36.8-46.3 3.9-16.1 10.1-40.6 5.4-56-4.2-26.2-37.8-23.6-42.6-5.9-4.4 16.1-.4 38.5 7 67.1-10 23.9-24.9 56-35.4 74.4-20 10.3-47 26.2-51 46.2-3.3 15.8 26 55.2 76.1-31.2 22.4-7.4 46.8-16.5 68.4-20.1 18.9 10.2 41 17 55.8 17 25.5 0 28-28.2 17.5-38.7zm-198.1 77.8c5.1-13.7 24.5-29.5 30.4-35-19 30.3-30.4 35.7-30.4 35zm81.6-190.6c7.4 0 6.7 32.1 1.8 40.8-4.4-13.9-4.3-40.8-1.8-40.8zm-24.4 136.6c9.7-16.9 18-37 24.7-54.7 8.3 15.1 18.9 27.2 30.1 35.5-20.8 4.3-38.9 13.1-54.8 19.2zm131.6-5s-5 6-37.3-7.8c35.1-2.6 40.9 5.4 37.3 7.8z\"><\/path><\/svg>\t\t\t\t\t\t<\/span>\n\t\t\t\t\t\t\t\t\t\t<span class=\"elementor-icon-list-text\">Ljubi\u0161a Despotovi\u0107: The concept of a synthetic nation as a product of the ideology of confessional domination in World War II on the territory of the Kingdom of Yugoslavia  <\/span>\n\t\t\t\t\t\t\t\t\t\t\t<\/a>\n\t\t\t\t\t\t\t\t\t<\/li>\n\t\t\t\t\t\t\t\t<li class=\"elementor-icon-list-item\">\n\t\t\t\t\t\t\t\t\t\t\t<a href=\"https:\/\/chdr-ns.com\/pdf\/Adnan-Jahic-Bosniacs-and-Independent-State-of-Croatia-from-hope-and-loyality-to-bitternes-and-resistance.pdf\" target=\"_blank\">\n\n\t\t\t\t\t\t\t\t\t\t\t\t<span class=\"elementor-icon-list-icon\">\n\t\t\t\t\t\t\t<svg aria-hidden=\"true\" class=\"e-font-icon-svg e-far-file-pdf\" viewBox=\"0 0 384 512\" xmlns=\"http:\/\/www.w3.org\/2000\/svg\"><path d=\"M369.9 97.9L286 14C277 5 264.8-.1 252.1-.1H48C21.5 0 0 21.5 0 48v416c0 26.5 21.5 48 48 48h288c26.5 0 48-21.5 48-48V131.9c0-12.7-5.1-25-14.1-34zM332.1 128H256V51.9l76.1 76.1zM48 464V48h160v104c0 13.3 10.7 24 24 24h104v288H48zm250.2-143.7c-12.2-12-47-8.7-64.4-6.5-17.2-10.5-28.7-25-36.8-46.3 3.9-16.1 10.1-40.6 5.4-56-4.2-26.2-37.8-23.6-42.6-5.9-4.4 16.1-.4 38.5 7 67.1-10 23.9-24.9 56-35.4 74.4-20 10.3-47 26.2-51 46.2-3.3 15.8 26 55.2 76.1-31.2 22.4-7.4 46.8-16.5 68.4-20.1 18.9 10.2 41 17 55.8 17 25.5 0 28-28.2 17.5-38.7zm-198.1 77.8c5.1-13.7 24.5-29.5 30.4-35-19 30.3-30.4 35.7-30.4 35zm81.6-190.6c7.4 0 6.7 32.1 1.8 40.8-4.4-13.9-4.3-40.8-1.8-40.8zm-24.4 136.6c9.7-16.9 18-37 24.7-54.7 8.3 15.1 18.9 27.2 30.1 35.5-20.8 4.3-38.9 13.1-54.8 19.2zm131.6-5s-5 6-37.3-7.8c35.1-2.6 40.9 5.4 37.3 7.8z\"><\/path><\/svg>\t\t\t\t\t\t<\/span>\n\t\t\t\t\t\t\t\t\t\t<span class=\"elementor-icon-list-text\">Adnan Jahi\u0107: Bosniacs and Independent State of Croatia from hope and loyalty to bitterness and resistance<\/span>\n\t\t\t\t\t\t\t\t\t\t\t<\/a>\n\t\t\t\t\t\t\t\t\t<\/li>\n\t\t\t\t\t\t\t\t<li class=\"elementor-icon-list-item\">\n\t\t\t\t\t\t\t\t\t\t\t<a href=\"https:\/\/chdr-ns.com\/pdf\/The-imagination-of-the-WWII-Resistance-and-Collaboration-in-Yugoslav-and-Serbian-Visual-Media.pdf\" target=\"_blank\">\n\n\t\t\t\t\t\t\t\t\t\t\t\t<span class=\"elementor-icon-list-icon\">\n\t\t\t\t\t\t\t<svg aria-hidden=\"true\" class=\"e-font-icon-svg e-far-file-pdf\" viewBox=\"0 0 384 512\" xmlns=\"http:\/\/www.w3.org\/2000\/svg\"><path d=\"M369.9 97.9L286 14C277 5 264.8-.1 252.1-.1H48C21.5 0 0 21.5 0 48v416c0 26.5 21.5 48 48 48h288c26.5 0 48-21.5 48-48V131.9c0-12.7-5.1-25-14.1-34zM332.1 128H256V51.9l76.1 76.1zM48 464V48h160v104c0 13.3 10.7 24 24 24h104v288H48zm250.2-143.7c-12.2-12-47-8.7-64.4-6.5-17.2-10.5-28.7-25-36.8-46.3 3.9-16.1 10.1-40.6 5.4-56-4.2-26.2-37.8-23.6-42.6-5.9-4.4 16.1-.4 38.5 7 67.1-10 23.9-24.9 56-35.4 74.4-20 10.3-47 26.2-51 46.2-3.3 15.8 26 55.2 76.1-31.2 22.4-7.4 46.8-16.5 68.4-20.1 18.9 10.2 41 17 55.8 17 25.5 0 28-28.2 17.5-38.7zm-198.1 77.8c5.1-13.7 24.5-29.5 30.4-35-19 30.3-30.4 35.7-30.4 35zm81.6-190.6c7.4 0 6.7 32.1 1.8 40.8-4.4-13.9-4.3-40.8-1.8-40.8zm-24.4 136.6c9.7-16.9 18-37 24.7-54.7 8.3 15.1 18.9 27.2 30.1 35.5-20.8 4.3-38.9 13.1-54.8 19.2zm131.6-5s-5 6-37.3-7.8c35.1-2.6 40.9 5.4 37.3 7.8z\"><\/path><\/svg>\t\t\t\t\t\t<\/span>\n\t\t\t\t\t\t\t\t\t\t<span class=\"elementor-icon-list-text\">The imagination of the WWII, Resistance and Collaboration in Yugoslav and Serbian Visual Media<\/span>\n\t\t\t\t\t\t\t\t\t\t\t<\/a>\n\t\t\t\t\t\t\t\t\t<\/li>\n\t\t\t\t\t\t\t\t<li class=\"elementor-icon-list-item\">\n\t\t\t\t\t\t\t\t\t\t\t<a href=\"https:\/\/chdr-ns.com\/pdf\/Ranka-Gasic-WWII-in-the-Serbian-history-textbooks.pdf\" target=\"_blank\">\n\n\t\t\t\t\t\t\t\t\t\t\t\t<span class=\"elementor-icon-list-icon\">\n\t\t\t\t\t\t\t<svg aria-hidden=\"true\" class=\"e-font-icon-svg e-far-file-pdf\" viewBox=\"0 0 384 512\" xmlns=\"http:\/\/www.w3.org\/2000\/svg\"><path d=\"M369.9 97.9L286 14C277 5 264.8-.1 252.1-.1H48C21.5 0 0 21.5 0 48v416c0 26.5 21.5 48 48 48h288c26.5 0 48-21.5 48-48V131.9c0-12.7-5.1-25-14.1-34zM332.1 128H256V51.9l76.1 76.1zM48 464V48h160v104c0 13.3 10.7 24 24 24h104v288H48zm250.2-143.7c-12.2-12-47-8.7-64.4-6.5-17.2-10.5-28.7-25-36.8-46.3 3.9-16.1 10.1-40.6 5.4-56-4.2-26.2-37.8-23.6-42.6-5.9-4.4 16.1-.4 38.5 7 67.1-10 23.9-24.9 56-35.4 74.4-20 10.3-47 26.2-51 46.2-3.3 15.8 26 55.2 76.1-31.2 22.4-7.4 46.8-16.5 68.4-20.1 18.9 10.2 41 17 55.8 17 25.5 0 28-28.2 17.5-38.7zm-198.1 77.8c5.1-13.7 24.5-29.5 30.4-35-19 30.3-30.4 35.7-30.4 35zm81.6-190.6c7.4 0 6.7 32.1 1.8 40.8-4.4-13.9-4.3-40.8-1.8-40.8zm-24.4 136.6c9.7-16.9 18-37 24.7-54.7 8.3 15.1 18.9 27.2 30.1 35.5-20.8 4.3-38.9 13.1-54.8 19.2zm131.6-5s-5 6-37.3-7.8c35.1-2.6 40.9 5.4 37.3 7.8z\"><\/path><\/svg>\t\t\t\t\t\t<\/span>\n\t\t\t\t\t\t\t\t\t\t<span class=\"elementor-icon-list-text\">Ranka Ga\u0161i\u0107: WWII in the Serbian history textbooks<\/span>\n\t\t\t\t\t\t\t\t\t\t\t<\/a>\n\t\t\t\t\t\t\t\t\t<\/li>\n\t\t\t\t\t\t\t\t<li class=\"elementor-icon-list-item\">\n\t\t\t\t\t\t\t\t\t\t\t<a href=\"https:\/\/chdr-ns.com\/pdf\/Vjeran-Pavlakovic-Flirting-with-Fascism-The-Ustasa-Legacy-and-Croatian-Politics-in-the-1990s.pdf\" target=\"_blank\">\n\n\t\t\t\t\t\t\t\t\t\t\t\t<span class=\"elementor-icon-list-icon\">\n\t\t\t\t\t\t\t<svg aria-hidden=\"true\" class=\"e-font-icon-svg e-far-file-pdf\" viewBox=\"0 0 384 512\" xmlns=\"http:\/\/www.w3.org\/2000\/svg\"><path d=\"M369.9 97.9L286 14C277 5 264.8-.1 252.1-.1H48C21.5 0 0 21.5 0 48v416c0 26.5 21.5 48 48 48h288c26.5 0 48-21.5 48-48V131.9c0-12.7-5.1-25-14.1-34zM332.1 128H256V51.9l76.1 76.1zM48 464V48h160v104c0 13.3 10.7 24 24 24h104v288H48zm250.2-143.7c-12.2-12-47-8.7-64.4-6.5-17.2-10.5-28.7-25-36.8-46.3 3.9-16.1 10.1-40.6 5.4-56-4.2-26.2-37.8-23.6-42.6-5.9-4.4 16.1-.4 38.5 7 67.1-10 23.9-24.9 56-35.4 74.4-20 10.3-47 26.2-51 46.2-3.3 15.8 26 55.2 76.1-31.2 22.4-7.4 46.8-16.5 68.4-20.1 18.9 10.2 41 17 55.8 17 25.5 0 28-28.2 17.5-38.7zm-198.1 77.8c5.1-13.7 24.5-29.5 30.4-35-19 30.3-30.4 35.7-30.4 35zm81.6-190.6c7.4 0 6.7 32.1 1.8 40.8-4.4-13.9-4.3-40.8-1.8-40.8zm-24.4 136.6c9.7-16.9 18-37 24.7-54.7 8.3 15.1 18.9 27.2 30.1 35.5-20.8 4.3-38.9 13.1-54.8 19.2zm131.6-5s-5 6-37.3-7.8c35.1-2.6 40.9 5.4 37.3 7.8z\"><\/path><\/svg>\t\t\t\t\t\t<\/span>\n\t\t\t\t\t\t\t\t\t\t<span class=\"elementor-icon-list-text\">Vjeran Pavlakovi\u0107: Flirting with Fascism: The Usta\u0161a Legacy and Croatian Politics in the 1990s<\/span>\n\t\t\t\t\t\t\t\t\t\t\t<\/a>\n\t\t\t\t\t\t\t\t\t<\/li>\n\t\t\t\t\t\t\t\t<li class=\"elementor-icon-list-item\">\n\t\t\t\t\t\t\t\t\t\t\t<a href=\"https:\/\/chdr-ns.com\/pdf\/Mile-Bjelajac-Royalist-Chetnik-Movement-interpretations-in-local-and-international-historiography.pdf\" target=\"_blank\">\n\n\t\t\t\t\t\t\t\t\t\t\t\t<span class=\"elementor-icon-list-icon\">\n\t\t\t\t\t\t\t<svg aria-hidden=\"true\" class=\"e-font-icon-svg e-far-file-pdf\" viewBox=\"0 0 384 512\" xmlns=\"http:\/\/www.w3.org\/2000\/svg\"><path d=\"M369.9 97.9L286 14C277 5 264.8-.1 252.1-.1H48C21.5 0 0 21.5 0 48v416c0 26.5 21.5 48 48 48h288c26.5 0 48-21.5 48-48V131.9c0-12.7-5.1-25-14.1-34zM332.1 128H256V51.9l76.1 76.1zM48 464V48h160v104c0 13.3 10.7 24 24 24h104v288H48zm250.2-143.7c-12.2-12-47-8.7-64.4-6.5-17.2-10.5-28.7-25-36.8-46.3 3.9-16.1 10.1-40.6 5.4-56-4.2-26.2-37.8-23.6-42.6-5.9-4.4 16.1-.4 38.5 7 67.1-10 23.9-24.9 56-35.4 74.4-20 10.3-47 26.2-51 46.2-3.3 15.8 26 55.2 76.1-31.2 22.4-7.4 46.8-16.5 68.4-20.1 18.9 10.2 41 17 55.8 17 25.5 0 28-28.2 17.5-38.7zm-198.1 77.8c5.1-13.7 24.5-29.5 30.4-35-19 30.3-30.4 35.7-30.4 35zm81.6-190.6c7.4 0 6.7 32.1 1.8 40.8-4.4-13.9-4.3-40.8-1.8-40.8zm-24.4 136.6c9.7-16.9 18-37 24.7-54.7 8.3 15.1 18.9 27.2 30.1 35.5-20.8 4.3-38.9 13.1-54.8 19.2zm131.6-5s-5 6-37.3-7.8c35.1-2.6 40.9 5.4 37.3 7.8z\"><\/path><\/svg>\t\t\t\t\t\t<\/span>\n\t\t\t\t\t\t\t\t\t\t<span class=\"elementor-icon-list-text\">Mile Bjelajac: Royalist Chetnik Movement \u2013 \u200b\u200binterpretations in local and international historiography<\/span>\n\t\t\t\t\t\t\t\t\t\t\t<\/a>\n\t\t\t\t\t\t\t\t\t<\/li>\n\t\t\t\t\t\t\t\t<li class=\"elementor-icon-list-item\">\n\t\t\t\t\t\t\t\t\t\t\t<a href=\"https:\/\/chdr-ns.com\/pdf\/Marko-Attila-Hoare-Muslim-autonomism-and-the-Partisan-movement.pdf\" target=\"_blank\">\n\n\t\t\t\t\t\t\t\t\t\t\t\t<span class=\"elementor-icon-list-icon\">\n\t\t\t\t\t\t\t<svg aria-hidden=\"true\" class=\"e-font-icon-svg e-far-file-pdf\" viewBox=\"0 0 384 512\" xmlns=\"http:\/\/www.w3.org\/2000\/svg\"><path d=\"M369.9 97.9L286 14C277 5 264.8-.1 252.1-.1H48C21.5 0 0 21.5 0 48v416c0 26.5 21.5 48 48 48h288c26.5 0 48-21.5 48-48V131.9c0-12.7-5.1-25-14.1-34zM332.1 128H256V51.9l76.1 76.1zM48 464V48h160v104c0 13.3 10.7 24 24 24h104v288H48zm250.2-143.7c-12.2-12-47-8.7-64.4-6.5-17.2-10.5-28.7-25-36.8-46.3 3.9-16.1 10.1-40.6 5.4-56-4.2-26.2-37.8-23.6-42.6-5.9-4.4 16.1-.4 38.5 7 67.1-10 23.9-24.9 56-35.4 74.4-20 10.3-47 26.2-51 46.2-3.3 15.8 26 55.2 76.1-31.2 22.4-7.4 46.8-16.5 68.4-20.1 18.9 10.2 41 17 55.8 17 25.5 0 28-28.2 17.5-38.7zm-198.1 77.8c5.1-13.7 24.5-29.5 30.4-35-19 30.3-30.4 35.7-30.4 35zm81.6-190.6c7.4 0 6.7 32.1 1.8 40.8-4.4-13.9-4.3-40.8-1.8-40.8zm-24.4 136.6c9.7-16.9 18-37 24.7-54.7 8.3 15.1 18.9 27.2 30.1 35.5-20.8 4.3-38.9 13.1-54.8 19.2zm131.6-5s-5 6-37.3-7.8c35.1-2.6 40.9 5.4 37.3 7.8z\"><\/path><\/svg>\t\t\t\t\t\t<\/span>\n\t\t\t\t\t\t\t\t\t\t<span class=\"elementor-icon-list-text\">Marko Attila Hoare: Muslim autonomism and the Partisan movement<\/span>\n\t\t\t\t\t\t\t\t\t\t\t<\/a>\n\t\t\t\t\t\t\t\t\t<\/li>\n\t\t\t\t\t\t\t\t<li class=\"elementor-icon-list-item\">\n\t\t\t\t\t\t\t\t\t\t\t<a href=\"https:\/\/chdr-ns.com\/pdf\/Ljubodrag-Dimic-Rat-i-istoriografija.pdf\" target=\"_blank\">\n\n\t\t\t\t\t\t\t\t\t\t\t\t<span class=\"elementor-icon-list-icon\">\n\t\t\t\t\t\t\t<svg aria-hidden=\"true\" class=\"e-font-icon-svg e-far-file-pdf\" viewBox=\"0 0 384 512\" xmlns=\"http:\/\/www.w3.org\/2000\/svg\"><path d=\"M369.9 97.9L286 14C277 5 264.8-.1 252.1-.1H48C21.5 0 0 21.5 0 48v416c0 26.5 21.5 48 48 48h288c26.5 0 48-21.5 48-48V131.9c0-12.7-5.1-25-14.1-34zM332.1 128H256V51.9l76.1 76.1zM48 464V48h160v104c0 13.3 10.7 24 24 24h104v288H48zm250.2-143.7c-12.2-12-47-8.7-64.4-6.5-17.2-10.5-28.7-25-36.8-46.3 3.9-16.1 10.1-40.6 5.4-56-4.2-26.2-37.8-23.6-42.6-5.9-4.4 16.1-.4 38.5 7 67.1-10 23.9-24.9 56-35.4 74.4-20 10.3-47 26.2-51 46.2-3.3 15.8 26 55.2 76.1-31.2 22.4-7.4 46.8-16.5 68.4-20.1 18.9 10.2 41 17 55.8 17 25.5 0 28-28.2 17.5-38.7zm-198.1 77.8c5.1-13.7 24.5-29.5 30.4-35-19 30.3-30.4 35.7-30.4 35zm81.6-190.6c7.4 0 6.7 32.1 1.8 40.8-4.4-13.9-4.3-40.8-1.8-40.8zm-24.4 136.6c9.7-16.9 18-37 24.7-54.7 8.3 15.1 18.9 27.2 30.1 35.5-20.8 4.3-38.9 13.1-54.8 19.2zm131.6-5s-5 6-37.3-7.8c35.1-2.6 40.9 5.4 37.3 7.8z\"><\/path><\/svg>\t\t\t\t\t\t<\/span>\n\t\t\t\t\t\t\t\t\t\t<span class=\"elementor-icon-list-text\">Ljubodrag Dimi\u0107: War and historiography<\/span>\n\t\t\t\t\t\t\t\t\t\t\t<\/a>\n\t\t\t\t\t\t\t\t\t<\/li>\n\t\t\t\t\t\t<\/ul>\n\t\t\t\t\t\t<\/div>\n\t\t\t\t<\/div>\n\t\t\t\t\t<\/div>\n\t\t<\/div>\n\t\t\t\t\t<\/div>\n\t\t<\/section>\n\t\t\t\t<section class=\"elementor-section elementor-top-section elementor-element elementor-element-ee3c3e9 elementor-section-boxed elementor-section-height-default elementor-section-height-default\" data-id=\"ee3c3e9\" data-element_type=\"section\">\n\t\t\t\t\t\t<div class=\"elementor-container elementor-column-gap-default\">\n\t\t\t\t\t<div class=\"elementor-column elementor-col-100 elementor-top-column elementor-element elementor-element-19260bd\" data-id=\"19260bd\" data-element_type=\"column\">\n\t\t\t<div class=\"elementor-widget-wrap elementor-element-populated\">\n\t\t\t\t\t\t<div class=\"elementor-element elementor-element-10023d1 elementor-widget elementor-widget-gallery\" data-id=\"10023d1\" data-element_type=\"widget\" data-settings=\"{&quot;columns&quot;:3,&quot;aspect_ratio&quot;:&quot;1:1&quot;,&quot;lazyload&quot;:&quot;yes&quot;,&quot;gallery_layout&quot;:&quot;grid&quot;,&quot;columns_tablet&quot;:2,&quot;columns_mobile&quot;:1,&quot;gap&quot;:{&quot;unit&quot;:&quot;px&quot;,&quot;size&quot;:10,&quot;sizes&quot;:[]},&quot;gap_tablet&quot;:{&quot;unit&quot;:&quot;px&quot;,&quot;size&quot;:10,&quot;sizes&quot;:[]},&quot;gap_mobile&quot;:{&quot;unit&quot;:&quot;px&quot;,&quot;size&quot;:10,&quot;sizes&quot;:[]},&quot;link_to&quot;:&quot;file&quot;,&quot;overlay_background&quot;:&quot;yes&quot;,&quot;content_hover_animation&quot;:&quot;fade-in&quot;}\" data-widget_type=\"gallery.default\">\n\t\t\t\t<div class=\"elementor-widget-container\">\n\t\t\t\t\t\t\t<div class=\"elementor-gallery__container\">\n\t\t\t\t\t\t\t<a class=\"e-gallery-item elementor-gallery-item elementor-animated-content\" href=\"https:\/\/chdr-ns.com\/wp-content\/uploads\/2016\/09\/sevilja2008_1.jpg\" data-elementor-open-lightbox=\"yes\" data-elementor-lightbox-slideshow=\"10023d1\" data-elementor-lightbox-title=\"sevilja2008_1\" data-e-action-hash=\"#elementor-action%3Aaction%3Dlightbox%26settings%3DeyJpZCI6NDY0LCJ1cmwiOiJodHRwczpcL1wvY2hkci1ucy5jb21cL3dwLWNvbnRlbnRcL3VwbG9hZHNcLzIwMTZcLzA5XC9zZXZpbGphMjAwOF8xLmpwZyIsInNsaWRlc2hvdyI6IjEwMDIzZDEifQ%3D%3D\">\n\t\t\t\t\t<div class=\"e-gallery-image elementor-gallery-item__image\" data-thumbnail=\"https:\/\/chdr-ns.com\/wp-content\/uploads\/2016\/09\/sevilja2008_1.jpg\" data-width=\"600\" data-height=\"338\" aria-label=\"\" role=\"img\" ><\/div>\n\t\t\t\t\t\t\t\t\t\t\t<div class=\"elementor-gallery-item__overlay\"><\/div>\n\t\t\t\t\t\t\t\t\t\t\t\t\t\t<\/a>\n\t\t\t\t\t\t\t<a class=\"e-gallery-item elementor-gallery-item elementor-animated-content\" href=\"https:\/\/chdr-ns.com\/wp-content\/uploads\/2016\/09\/sevilja2008_2.jpg\" data-elementor-open-lightbox=\"yes\" data-elementor-lightbox-slideshow=\"10023d1\" data-elementor-lightbox-title=\"sevilja2008_2\" data-e-action-hash=\"#elementor-action%3Aaction%3Dlightbox%26settings%3DeyJpZCI6NDYzLCJ1cmwiOiJodHRwczpcL1wvY2hkci1ucy5jb21cL3dwLWNvbnRlbnRcL3VwbG9hZHNcLzIwMTZcLzA5XC9zZXZpbGphMjAwOF8yLmpwZyIsInNsaWRlc2hvdyI6IjEwMDIzZDEifQ%3D%3D\">\n\t\t\t\t\t<div class=\"e-gallery-image elementor-gallery-item__image\" data-thumbnail=\"https:\/\/chdr-ns.com\/wp-content\/uploads\/2016\/09\/sevilja2008_2.jpg\" data-width=\"600\" data-height=\"338\" aria-label=\"\" role=\"img\" ><\/div>\n\t\t\t\t\t\t\t\t\t\t\t<div class=\"elementor-gallery-item__overlay\"><\/div>\n\t\t\t\t\t\t\t\t\t\t\t\t\t\t<\/a>\n\t\t\t\t\t\t\t<a class=\"e-gallery-item elementor-gallery-item elementor-animated-content\" href=\"https:\/\/chdr-ns.com\/wp-content\/uploads\/2016\/09\/sevilja2008_3.jpg\" data-elementor-open-lightbox=\"yes\" data-elementor-lightbox-slideshow=\"10023d1\" data-elementor-lightbox-title=\"sevilja2008_3\" data-e-action-hash=\"#elementor-action%3Aaction%3Dlightbox%26settings%3DeyJpZCI6NDYyLCJ1cmwiOiJodHRwczpcL1wvY2hkci1ucy5jb21cL3dwLWNvbnRlbnRcL3VwbG9hZHNcLzIwMTZcLzA5XC9zZXZpbGphMjAwOF8zLmpwZyIsInNsaWRlc2hvdyI6IjEwMDIzZDEifQ%3D%3D\">\n\t\t\t\t\t<div class=\"e-gallery-image elementor-gallery-item__image\" data-thumbnail=\"https:\/\/chdr-ns.com\/wp-content\/uploads\/2016\/09\/sevilja2008_3.jpg\" data-width=\"600\" data-height=\"338\" aria-label=\"\" role=\"img\" ><\/div>\n\t\t\t\t\t\t\t\t\t\t\t<div class=\"elementor-gallery-item__overlay\"><\/div>\n\t\t\t\t\t\t\t\t\t\t\t\t\t\t<\/a>\n\t\t\t\t\t\t\t<a class=\"e-gallery-item elementor-gallery-item elementor-animated-content\" href=\"https:\/\/chdr-ns.com\/wp-content\/uploads\/2016\/09\/sevilja2008_4.jpg\" data-elementor-open-lightbox=\"yes\" data-elementor-lightbox-slideshow=\"10023d1\" data-elementor-lightbox-title=\"sevilja2008_4\" data-e-action-hash=\"#elementor-action%3Aaction%3Dlightbox%26settings%3DeyJpZCI6NDYxLCJ1cmwiOiJodHRwczpcL1wvY2hkci1ucy5jb21cL3dwLWNvbnRlbnRcL3VwbG9hZHNcLzIwMTZcLzA5XC9zZXZpbGphMjAwOF80LmpwZyIsInNsaWRlc2hvdyI6IjEwMDIzZDEifQ%3D%3D\">\n\t\t\t\t\t<div class=\"e-gallery-image elementor-gallery-item__image\" data-thumbnail=\"https:\/\/chdr-ns.com\/wp-content\/uploads\/2016\/09\/sevilja2008_4.jpg\" data-width=\"600\" data-height=\"338\" aria-label=\"\" role=\"img\" ><\/div>\n\t\t\t\t\t\t\t\t\t\t\t<div class=\"elementor-gallery-item__overlay\"><\/div>\n\t\t\t\t\t\t\t\t\t\t\t\t\t\t<\/a>\n\t\t\t\t\t\t\t<a class=\"e-gallery-item elementor-gallery-item elementor-animated-content\" href=\"https:\/\/chdr-ns.com\/wp-content\/uploads\/2016\/09\/sevilja2008_5.jpg\" data-elementor-open-lightbox=\"yes\" data-elementor-lightbox-slideshow=\"10023d1\" data-elementor-lightbox-title=\"sevilja2008_5\" data-e-action-hash=\"#elementor-action%3Aaction%3Dlightbox%26settings%3DeyJpZCI6NDYwLCJ1cmwiOiJodHRwczpcL1wvY2hkci1ucy5jb21cL3dwLWNvbnRlbnRcL3VwbG9hZHNcLzIwMTZcLzA5XC9zZXZpbGphMjAwOF81LmpwZyIsInNsaWRlc2hvdyI6IjEwMDIzZDEifQ%3D%3D\">\n\t\t\t\t\t<div class=\"e-gallery-image elementor-gallery-item__image\" data-thumbnail=\"https:\/\/chdr-ns.com\/wp-content\/uploads\/2016\/09\/sevilja2008_5.jpg\" data-width=\"600\" data-height=\"338\" aria-label=\"\" role=\"img\" ><\/div>\n\t\t\t\t\t\t\t\t\t\t\t<div class=\"elementor-gallery-item__overlay\"><\/div>\n\t\t\t\t\t\t\t\t\t\t\t\t\t\t<\/a>\n\t\t\t\t\t\t\t<a class=\"e-gallery-item elementor-gallery-item elementor-animated-content\" href=\"https:\/\/chdr-ns.com\/wp-content\/uploads\/2016\/09\/sevilja2008_6.jpg\" data-elementor-open-lightbox=\"yes\" data-elementor-lightbox-slideshow=\"10023d1\" data-elementor-lightbox-title=\"sevilja2008_6\" data-e-action-hash=\"#elementor-action%3Aaction%3Dlightbox%26settings%3DeyJpZCI6NDU5LCJ1cmwiOiJodHRwczpcL1wvY2hkci1ucy5jb21cL3dwLWNvbnRlbnRcL3VwbG9hZHNcLzIwMTZcLzA5XC9zZXZpbGphMjAwOF82LmpwZyIsInNsaWRlc2hvdyI6IjEwMDIzZDEifQ%3D%3D\">\n\t\t\t\t\t<div class=\"e-gallery-image elementor-gallery-item__image\" data-thumbnail=\"https:\/\/chdr-ns.com\/wp-content\/uploads\/2016\/09\/sevilja2008_6.jpg\" data-width=\"600\" data-height=\"338\" aria-label=\"\" role=\"img\" ><\/div>\n\t\t\t\t\t\t\t\t\t\t\t<div class=\"elementor-gallery-item__overlay\"><\/div>\n\t\t\t\t\t\t\t\t\t\t\t\t\t\t<\/a>\n\t\t\t\t\t\t\t<a class=\"e-gallery-item elementor-gallery-item elementor-animated-content\" href=\"https:\/\/chdr-ns.com\/wp-content\/uploads\/2016\/09\/sevilja2008_7.jpg\" data-elementor-open-lightbox=\"yes\" data-elementor-lightbox-slideshow=\"10023d1\" data-elementor-lightbox-title=\"sevilja2008_7\" data-e-action-hash=\"#elementor-action%3Aaction%3Dlightbox%26settings%3DeyJpZCI6NDU4LCJ1cmwiOiJodHRwczpcL1wvY2hkci1ucy5jb21cL3dwLWNvbnRlbnRcL3VwbG9hZHNcLzIwMTZcLzA5XC9zZXZpbGphMjAwOF83LmpwZyIsInNsaWRlc2hvdyI6IjEwMDIzZDEifQ%3D%3D\">\n\t\t\t\t\t<div class=\"e-gallery-image elementor-gallery-item__image\" data-thumbnail=\"https:\/\/chdr-ns.com\/wp-content\/uploads\/2016\/09\/sevilja2008_7.jpg\" data-width=\"600\" data-height=\"338\" aria-label=\"\" role=\"img\" ><\/div>\n\t\t\t\t\t\t\t\t\t\t\t<div class=\"elementor-gallery-item__overlay\"><\/div>\n\t\t\t\t\t\t\t\t\t\t\t\t\t\t<\/a>\n\t\t\t\t\t\t\t<a class=\"e-gallery-item elementor-gallery-item elementor-animated-content\" href=\"https:\/\/chdr-ns.com\/wp-content\/uploads\/2016\/09\/sevilja2008_8.jpg\" data-elementor-open-lightbox=\"yes\" data-elementor-lightbox-slideshow=\"10023d1\" data-elementor-lightbox-title=\"sevilja2008_8\" data-e-action-hash=\"#elementor-action%3Aaction%3Dlightbox%26settings%3DeyJpZCI6NDU3LCJ1cmwiOiJodHRwczpcL1wvY2hkci1ucy5jb21cL3dwLWNvbnRlbnRcL3VwbG9hZHNcLzIwMTZcLzA5XC9zZXZpbGphMjAwOF84LmpwZyIsInNsaWRlc2hvdyI6IjEwMDIzZDEifQ%3D%3D\">\n\t\t\t\t\t<div class=\"e-gallery-image elementor-gallery-item__image\" data-thumbnail=\"https:\/\/chdr-ns.com\/wp-content\/uploads\/2016\/09\/sevilja2008_8.jpg\" data-width=\"600\" data-height=\"338\" aria-label=\"\" role=\"img\" ><\/div>\n\t\t\t\t\t\t\t\t\t\t\t<div class=\"elementor-gallery-item__overlay\"><\/div>\n\t\t\t\t\t\t\t\t\t\t\t\t\t\t<\/a>\n\t\t\t\t\t\t\t<a class=\"e-gallery-item elementor-gallery-item elementor-animated-content\" href=\"https:\/\/chdr-ns.com\/wp-content\/uploads\/2016\/09\/sevilja2008_9.jpg\" data-elementor-open-lightbox=\"yes\" data-elementor-lightbox-slideshow=\"10023d1\" data-elementor-lightbox-title=\"sevilja2008_9\" data-e-action-hash=\"#elementor-action%3Aaction%3Dlightbox%26settings%3DeyJpZCI6NDU2LCJ1cmwiOiJodHRwczpcL1wvY2hkci1ucy5jb21cL3dwLWNvbnRlbnRcL3VwbG9hZHNcLzIwMTZcLzA5XC9zZXZpbGphMjAwOF85LmpwZyIsInNsaWRlc2hvdyI6IjEwMDIzZDEifQ%3D%3D\">\n\t\t\t\t\t<div class=\"e-gallery-image elementor-gallery-item__image\" data-thumbnail=\"https:\/\/chdr-ns.com\/wp-content\/uploads\/2016\/09\/sevilja2008_9.jpg\" data-width=\"600\" data-height=\"338\" aria-label=\"\" role=\"img\" ><\/div>\n\t\t\t\t\t\t\t\t\t\t\t<div class=\"elementor-gallery-item__overlay\"><\/div>\n\t\t\t\t\t\t\t\t\t\t\t\t\t\t<\/a>\n\t\t\t\t\t\t\t<a class=\"e-gallery-item elementor-gallery-item elementor-animated-content\" href=\"https:\/\/chdr-ns.com\/wp-content\/uploads\/2016\/09\/sevilja2008_10.jpg\" data-elementor-open-lightbox=\"yes\" data-elementor-lightbox-slideshow=\"10023d1\" data-elementor-lightbox-title=\"sevilja2008_10\" data-e-action-hash=\"#elementor-action%3Aaction%3Dlightbox%26settings%3DeyJpZCI6NDU1LCJ1cmwiOiJodHRwczpcL1wvY2hkci1ucy5jb21cL3dwLWNvbnRlbnRcL3VwbG9hZHNcLzIwMTZcLzA5XC9zZXZpbGphMjAwOF8xMC5qcGciLCJzbGlkZXNob3ciOiIxMDAyM2QxIn0%3D\">\n\t\t\t\t\t<div class=\"e-gallery-image elementor-gallery-item__image\" data-thumbnail=\"https:\/\/chdr-ns.com\/wp-content\/uploads\/2016\/09\/sevilja2008_10.jpg\" data-width=\"600\" data-height=\"338\" aria-label=\"\" role=\"img\" ><\/div>\n\t\t\t\t\t\t\t\t\t\t\t<div class=\"elementor-gallery-item__overlay\"><\/div>\n\t\t\t\t\t\t\t\t\t\t\t\t\t\t<\/a>\n\t\t\t\t\t\t\t<a class=\"e-gallery-item elementor-gallery-item elementor-animated-content\" href=\"https:\/\/chdr-ns.com\/wp-content\/uploads\/2016\/09\/sevilja2008_11.jpg\" data-elementor-open-lightbox=\"yes\" data-elementor-lightbox-slideshow=\"10023d1\" data-elementor-lightbox-title=\"sevilja2008_11\" data-e-action-hash=\"#elementor-action%3Aaction%3Dlightbox%26settings%3DeyJpZCI6NDU0LCJ1cmwiOiJodHRwczpcL1wvY2hkci1ucy5jb21cL3dwLWNvbnRlbnRcL3VwbG9hZHNcLzIwMTZcLzA5XC9zZXZpbGphMjAwOF8xMS5qcGciLCJzbGlkZXNob3ciOiIxMDAyM2QxIn0%3D\">\n\t\t\t\t\t<div class=\"e-gallery-image elementor-gallery-item__image\" data-thumbnail=\"https:\/\/chdr-ns.com\/wp-content\/uploads\/2016\/09\/sevilja2008_11.jpg\" data-width=\"600\" data-height=\"338\" aria-label=\"\" role=\"img\" ><\/div>\n\t\t\t\t\t\t\t\t\t\t\t<div class=\"elementor-gallery-item__overlay\"><\/div>\n\t\t\t\t\t\t\t\t\t\t\t\t\t\t<\/a>\n\t\t\t\t\t\t\t<a class=\"e-gallery-item elementor-gallery-item elementor-animated-content\" href=\"https:\/\/chdr-ns.com\/wp-content\/uploads\/2016\/09\/sevilja2008_12.jpg\" data-elementor-open-lightbox=\"yes\" data-elementor-lightbox-slideshow=\"10023d1\" data-elementor-lightbox-title=\"sevilja2008_12\" data-e-action-hash=\"#elementor-action%3Aaction%3Dlightbox%26settings%3DeyJpZCI6NDUzLCJ1cmwiOiJodHRwczpcL1wvY2hkci1ucy5jb21cL3dwLWNvbnRlbnRcL3VwbG9hZHNcLzIwMTZcLzA5XC9zZXZpbGphMjAwOF8xMi5qcGciLCJzbGlkZXNob3ciOiIxMDAyM2QxIn0%3D\">\n\t\t\t\t\t<div class=\"e-gallery-image elementor-gallery-item__image\" data-thumbnail=\"https:\/\/chdr-ns.com\/wp-content\/uploads\/2016\/09\/sevilja2008_12.jpg\" data-width=\"600\" data-height=\"338\" aria-label=\"\" role=\"img\" ><\/div>\n\t\t\t\t\t\t\t\t\t\t\t<div class=\"elementor-gallery-item__overlay\"><\/div>\n\t\t\t\t\t\t\t\t\t\t\t\t\t\t<\/a>\n\t\t\t\t\t<\/div>\n\t\t\t\t\t<\/div>\n\t\t\t\t<\/div>\n\t\t\t\t\t<\/div>\n\t\t<\/div>\n\t\t\t\t\t<\/div>\n\t\t<\/section>\n\t\t\t\t<\/div>\n\t\t","protected":false},"excerpt":{"rendered":"<p>The Center for History, Democracy and Reconciliation from Novi Sad and the Tres Culturas Foundation from Seville organized an international scientific meeting in Seville (Spain) that brought together scientists from Serbia, Spain, Croatia, Bosnia and Herzegovina and the United States of America.<\/p>\n","protected":false},"author":1,"featured_media":8809,"comment_status":"closed","ping_status":"closed","sticky":false,"template":"","format":"standard","meta":{"footnotes":""},"categories":[61],"tags":[],"class_list":["post-8805","post","type-post","status-publish","format-standard","has-post-thumbnail","hentry","category-international-scientific-meeting"],"yoast_head":"<!-- This site is optimized with the Yoast SEO plugin v26.7 - https:\/\/yoast.com\/wordpress\/plugins\/seo\/ -->\n<title>The Second World War and the National Question in the Former Yugoslavia | CHDR<\/title>\n<meta name=\"description\" content=\"International meeting of historians &quot;The Second World War and the national question in the former Yugoslavia - a common historical narrative&quot;.\" \/>\n<meta name=\"robots\" content=\"index, follow, max-snippet:-1, max-image-preview:large, max-video-preview:-1\" \/>\n<link rel=\"canonical\" href=\"https:\/\/chdr-ns.com\/en\/the-second-world-war-and-the-national-question-in-the-former-yugoslavia\/\" \/>\n<meta property=\"og:locale\" content=\"en_US\" \/>\n<meta property=\"og:type\" content=\"article\" \/>\n<meta property=\"og:title\" content=\"The Second World War and the National Question in the Former Yugoslavia | CHDR\" \/>\n<meta property=\"og:description\" content=\"International meeting of historians &quot;The Second World War and the national question in the former Yugoslavia - a common historical narrative&quot;.\" \/>\n<meta property=\"og:url\" content=\"https:\/\/chdr-ns.com\/en\/the-second-world-war-and-the-national-question-in-the-former-yugoslavia\/\" \/>\n<meta property=\"og:site_name\" content=\"Centar za istoriju demokratiju i pomirenje-CHDR\" \/>\n<meta property=\"article:publisher\" content=\"https:\/\/www.facebook.com\/centerforhistoryandreconciliation\" \/>\n<meta property=\"article:published_time\" content=\"2008-02-07T17:00:00+00:00\" \/>\n<meta property=\"article:modified_time\" content=\"2023-11-27T12:05:35+00:00\" \/>\n<meta property=\"og:image\" content=\"https:\/\/chdr-ns.com\/wp-content\/uploads\/Sevilja-2008.jpg\" \/>\n\t<meta property=\"og:image:width\" content=\"1080\" \/>\n\t<meta property=\"og:image:height\" content=\"1080\" \/>\n\t<meta property=\"og:image:type\" content=\"image\/jpeg\" \/>\n<meta name=\"author\" content=\"SesillSLG\" \/>\n<meta name=\"twitter:card\" content=\"summary_large_image\" \/>\n<meta name=\"twitter:label1\" content=\"Written by\" \/>\n\t<meta name=\"twitter:data1\" content=\"SesillSLG\" \/>\n\t<meta name=\"twitter:label2\" content=\"Est. reading time\" \/>\n\t<meta name=\"twitter:data2\" content=\"4 minutes\" \/>\n<script type=\"application\/ld+json\" class=\"yoast-schema-graph\">{\"@context\":\"https:\/\/schema.org\",\"@graph\":[{\"@type\":\"Article\",\"@id\":\"https:\/\/chdr-ns.com\/en\/the-second-world-war-and-the-national-question-in-the-former-yugoslavia\/#article\",\"isPartOf\":{\"@id\":\"https:\/\/chdr-ns.com\/en\/the-second-world-war-and-the-national-question-in-the-former-yugoslavia\/\"},\"author\":{\"name\":\"SesillSLG\",\"@id\":\"https:\/\/chdr-ns.com\/en\/#\/schema\/person\/d78497ac6032c39bd7b265aed5368281\"},\"headline\":\"The Second World War and the national question in the former Yugoslavia\",\"datePublished\":\"2008-02-07T17:00:00+00:00\",\"dateModified\":\"2023-11-27T12:05:35+00:00\",\"mainEntityOfPage\":{\"@id\":\"https:\/\/chdr-ns.com\/en\/the-second-world-war-and-the-national-question-in-the-former-yugoslavia\/\"},\"wordCount\":875,\"publisher\":{\"@id\":\"https:\/\/chdr-ns.com\/en\/#organization\"},\"image\":{\"@id\":\"https:\/\/chdr-ns.com\/en\/the-second-world-war-and-the-national-question-in-the-former-yugoslavia\/#primaryimage\"},\"thumbnailUrl\":\"https:\/\/chdr-ns.com\/wp-content\/uploads\/Sevilja-2008.jpg\",\"articleSection\":[\"International Scientific Meeting\"],\"inLanguage\":\"en-US\"},{\"@type\":\"WebPage\",\"@id\":\"https:\/\/chdr-ns.com\/en\/the-second-world-war-and-the-national-question-in-the-former-yugoslavia\/\",\"url\":\"https:\/\/chdr-ns.com\/en\/the-second-world-war-and-the-national-question-in-the-former-yugoslavia\/\",\"name\":\"The Second World War and the National Question in the Former Yugoslavia | CHDR\",\"isPartOf\":{\"@id\":\"https:\/\/chdr-ns.com\/en\/#website\"},\"primaryImageOfPage\":{\"@id\":\"https:\/\/chdr-ns.com\/en\/the-second-world-war-and-the-national-question-in-the-former-yugoslavia\/#primaryimage\"},\"image\":{\"@id\":\"https:\/\/chdr-ns.com\/en\/the-second-world-war-and-the-national-question-in-the-former-yugoslavia\/#primaryimage\"},\"thumbnailUrl\":\"https:\/\/chdr-ns.com\/wp-content\/uploads\/Sevilja-2008.jpg\",\"datePublished\":\"2008-02-07T17:00:00+00:00\",\"dateModified\":\"2023-11-27T12:05:35+00:00\",\"description\":\"International meeting of historians \\\"The Second World War and the national question in the former Yugoslavia - a common historical narrative\\\".\",\"breadcrumb\":{\"@id\":\"https:\/\/chdr-ns.com\/en\/the-second-world-war-and-the-national-question-in-the-former-yugoslavia\/#breadcrumb\"},\"inLanguage\":\"en-US\",\"potentialAction\":[{\"@type\":\"ReadAction\",\"target\":[\"https:\/\/chdr-ns.com\/en\/the-second-world-war-and-the-national-question-in-the-former-yugoslavia\/\"]}]},{\"@type\":\"ImageObject\",\"inLanguage\":\"en-US\",\"@id\":\"https:\/\/chdr-ns.com\/en\/the-second-world-war-and-the-national-question-in-the-former-yugoslavia\/#primaryimage\",\"url\":\"https:\/\/chdr-ns.com\/wp-content\/uploads\/Sevilja-2008.jpg\",\"contentUrl\":\"https:\/\/chdr-ns.com\/wp-content\/uploads\/Sevilja-2008.jpg\",\"width\":1080,\"height\":1080},{\"@type\":\"BreadcrumbList\",\"@id\":\"https:\/\/chdr-ns.com\/en\/the-second-world-war-and-the-national-question-in-the-former-yugoslavia\/#breadcrumb\",\"itemListElement\":[{\"@type\":\"ListItem\",\"position\":1,\"name\":\"Home\",\"item\":\"https:\/\/chdr-ns.com\/en\/home-page\/\"},{\"@type\":\"ListItem\",\"position\":2,\"name\":\"The Second World War and the national question in the former Yugoslavia\"}]},{\"@type\":\"WebSite\",\"@id\":\"https:\/\/chdr-ns.com\/en\/#website\",\"url\":\"https:\/\/chdr-ns.com\/en\/\",\"name\":\"Centar za istoriju demokratiju i pomirenje-CHDR\",\"description\":\"CHDR je nevladina, neprofitna i nestrana\u010dka organizacija\",\"publisher\":{\"@id\":\"https:\/\/chdr-ns.com\/en\/#organization\"},\"alternateName\":\"CHDR\",\"potentialAction\":[{\"@type\":\"SearchAction\",\"target\":{\"@type\":\"EntryPoint\",\"urlTemplate\":\"https:\/\/chdr-ns.com\/en\/?s={search_term_string}\"},\"query-input\":{\"@type\":\"PropertyValueSpecification\",\"valueRequired\":true,\"valueName\":\"search_term_string\"}}],\"inLanguage\":\"en-US\"},{\"@type\":\"Organization\",\"@id\":\"https:\/\/chdr-ns.com\/en\/#organization\",\"name\":\"Centar za istoriju, demokratiju i pomirenje\",\"alternateName\":\"CHDR\",\"url\":\"https:\/\/chdr-ns.com\/en\/\",\"logo\":{\"@type\":\"ImageObject\",\"inLanguage\":\"en-US\",\"@id\":\"https:\/\/chdr-ns.com\/en\/#\/schema\/logo\/image\/\",\"url\":\"https:\/\/chdr-ns.com\/wp-content\/uploads\/2023\/02\/chdr-logo-2.png\",\"contentUrl\":\"https:\/\/chdr-ns.com\/wp-content\/uploads\/2023\/02\/chdr-logo-2.png\",\"width\":350,\"height\":100,\"caption\":\"Centar za istoriju, demokratiju i pomirenje\"},\"image\":{\"@id\":\"https:\/\/chdr-ns.com\/en\/#\/schema\/logo\/image\/\"},\"sameAs\":[\"https:\/\/www.facebook.com\/centerforhistoryandreconciliation\"]},{\"@type\":\"Person\",\"@id\":\"https:\/\/chdr-ns.com\/en\/#\/schema\/person\/d78497ac6032c39bd7b265aed5368281\",\"name\":\"SesillSLG\",\"image\":{\"@type\":\"ImageObject\",\"inLanguage\":\"en-US\",\"@id\":\"https:\/\/chdr-ns.com\/en\/#\/schema\/person\/image\/\",\"url\":\"https:\/\/secure.gravatar.com\/avatar\/ebdad80177b1f28db1bd56bdf2dbe54852cb5b841ba48cb351c7389ac7e2426f?s=96&d=mm&r=g\",\"contentUrl\":\"https:\/\/secure.gravatar.com\/avatar\/ebdad80177b1f28db1bd56bdf2dbe54852cb5b841ba48cb351c7389ac7e2426f?s=96&d=mm&r=g\",\"caption\":\"SesillSLG\"},\"sameAs\":[\"https:\/\/chdr-ns.com\"]}]}<\/script>\n<!-- \/ Yoast SEO plugin. -->","yoast_head_json":{"title":"The Second World War and the National Question in the Former Yugoslavia | CHDR","description":"International meeting of historians \"The Second World War and the national question in the former Yugoslavia - a common historical narrative\".","robots":{"index":"index","follow":"follow","max-snippet":"max-snippet:-1","max-image-preview":"max-image-preview:large","max-video-preview":"max-video-preview:-1"},"canonical":"https:\/\/chdr-ns.com\/en\/the-second-world-war-and-the-national-question-in-the-former-yugoslavia\/","og_locale":"en_US","og_type":"article","og_title":"The Second World War and the National Question in the Former Yugoslavia | CHDR","og_description":"International meeting of historians \"The Second World War and the national question in the former Yugoslavia - a common historical narrative\".","og_url":"https:\/\/chdr-ns.com\/en\/the-second-world-war-and-the-national-question-in-the-former-yugoslavia\/","og_site_name":"Centar za istoriju demokratiju i pomirenje-CHDR","article_publisher":"https:\/\/www.facebook.com\/centerforhistoryandreconciliation","article_published_time":"2008-02-07T17:00:00+00:00","article_modified_time":"2023-11-27T12:05:35+00:00","og_image":[{"width":1080,"height":1080,"url":"https:\/\/chdr-ns.com\/wp-content\/uploads\/Sevilja-2008.jpg","type":"image\/jpeg"}],"author":"SesillSLG","twitter_card":"summary_large_image","twitter_misc":{"Written by":"SesillSLG","Est. reading time":"4 minutes"},"schema":{"@context":"https:\/\/schema.org","@graph":[{"@type":"Article","@id":"https:\/\/chdr-ns.com\/en\/the-second-world-war-and-the-national-question-in-the-former-yugoslavia\/#article","isPartOf":{"@id":"https:\/\/chdr-ns.com\/en\/the-second-world-war-and-the-national-question-in-the-former-yugoslavia\/"},"author":{"name":"SesillSLG","@id":"https:\/\/chdr-ns.com\/en\/#\/schema\/person\/d78497ac6032c39bd7b265aed5368281"},"headline":"The Second World War and the national question in the former Yugoslavia","datePublished":"2008-02-07T17:00:00+00:00","dateModified":"2023-11-27T12:05:35+00:00","mainEntityOfPage":{"@id":"https:\/\/chdr-ns.com\/en\/the-second-world-war-and-the-national-question-in-the-former-yugoslavia\/"},"wordCount":875,"publisher":{"@id":"https:\/\/chdr-ns.com\/en\/#organization"},"image":{"@id":"https:\/\/chdr-ns.com\/en\/the-second-world-war-and-the-national-question-in-the-former-yugoslavia\/#primaryimage"},"thumbnailUrl":"https:\/\/chdr-ns.com\/wp-content\/uploads\/Sevilja-2008.jpg","articleSection":["International Scientific Meeting"],"inLanguage":"en-US"},{"@type":"WebPage","@id":"https:\/\/chdr-ns.com\/en\/the-second-world-war-and-the-national-question-in-the-former-yugoslavia\/","url":"https:\/\/chdr-ns.com\/en\/the-second-world-war-and-the-national-question-in-the-former-yugoslavia\/","name":"The Second World War and the National Question in the Former Yugoslavia | CHDR","isPartOf":{"@id":"https:\/\/chdr-ns.com\/en\/#website"},"primaryImageOfPage":{"@id":"https:\/\/chdr-ns.com\/en\/the-second-world-war-and-the-national-question-in-the-former-yugoslavia\/#primaryimage"},"image":{"@id":"https:\/\/chdr-ns.com\/en\/the-second-world-war-and-the-national-question-in-the-former-yugoslavia\/#primaryimage"},"thumbnailUrl":"https:\/\/chdr-ns.com\/wp-content\/uploads\/Sevilja-2008.jpg","datePublished":"2008-02-07T17:00:00+00:00","dateModified":"2023-11-27T12:05:35+00:00","description":"International meeting of historians \"The Second World War and the national question in the former Yugoslavia - a common historical narrative\".","breadcrumb":{"@id":"https:\/\/chdr-ns.com\/en\/the-second-world-war-and-the-national-question-in-the-former-yugoslavia\/#breadcrumb"},"inLanguage":"en-US","potentialAction":[{"@type":"ReadAction","target":["https:\/\/chdr-ns.com\/en\/the-second-world-war-and-the-national-question-in-the-former-yugoslavia\/"]}]},{"@type":"ImageObject","inLanguage":"en-US","@id":"https:\/\/chdr-ns.com\/en\/the-second-world-war-and-the-national-question-in-the-former-yugoslavia\/#primaryimage","url":"https:\/\/chdr-ns.com\/wp-content\/uploads\/Sevilja-2008.jpg","contentUrl":"https:\/\/chdr-ns.com\/wp-content\/uploads\/Sevilja-2008.jpg","width":1080,"height":1080},{"@type":"BreadcrumbList","@id":"https:\/\/chdr-ns.com\/en\/the-second-world-war-and-the-national-question-in-the-former-yugoslavia\/#breadcrumb","itemListElement":[{"@type":"ListItem","position":1,"name":"Home","item":"https:\/\/chdr-ns.com\/en\/home-page\/"},{"@type":"ListItem","position":2,"name":"The Second World War and the national question in the former Yugoslavia"}]},{"@type":"WebSite","@id":"https:\/\/chdr-ns.com\/en\/#website","url":"https:\/\/chdr-ns.com\/en\/","name":"Centar za istoriju demokratiju i pomirenje-CHDR","description":"CHDR je nevladina, neprofitna i nestrana\u010dka organizacija","publisher":{"@id":"https:\/\/chdr-ns.com\/en\/#organization"},"alternateName":"CHDR","potentialAction":[{"@type":"SearchAction","target":{"@type":"EntryPoint","urlTemplate":"https:\/\/chdr-ns.com\/en\/?s={search_term_string}"},"query-input":{"@type":"PropertyValueSpecification","valueRequired":true,"valueName":"search_term_string"}}],"inLanguage":"en-US"},{"@type":"Organization","@id":"https:\/\/chdr-ns.com\/en\/#organization","name":"Centar za istoriju, demokratiju i pomirenje","alternateName":"CHDR","url":"https:\/\/chdr-ns.com\/en\/","logo":{"@type":"ImageObject","inLanguage":"en-US","@id":"https:\/\/chdr-ns.com\/en\/#\/schema\/logo\/image\/","url":"https:\/\/chdr-ns.com\/wp-content\/uploads\/2023\/02\/chdr-logo-2.png","contentUrl":"https:\/\/chdr-ns.com\/wp-content\/uploads\/2023\/02\/chdr-logo-2.png","width":350,"height":100,"caption":"Centar za istoriju, demokratiju i pomirenje"},"image":{"@id":"https:\/\/chdr-ns.com\/en\/#\/schema\/logo\/image\/"},"sameAs":["https:\/\/www.facebook.com\/centerforhistoryandreconciliation"]},{"@type":"Person","@id":"https:\/\/chdr-ns.com\/en\/#\/schema\/person\/d78497ac6032c39bd7b265aed5368281","name":"SesillSLG","image":{"@type":"ImageObject","inLanguage":"en-US","@id":"https:\/\/chdr-ns.com\/en\/#\/schema\/person\/image\/","url":"https:\/\/secure.gravatar.com\/avatar\/ebdad80177b1f28db1bd56bdf2dbe54852cb5b841ba48cb351c7389ac7e2426f?s=96&d=mm&r=g","contentUrl":"https:\/\/secure.gravatar.com\/avatar\/ebdad80177b1f28db1bd56bdf2dbe54852cb5b841ba48cb351c7389ac7e2426f?s=96&d=mm&r=g","caption":"SesillSLG"},"sameAs":["https:\/\/chdr-ns.com"]}]}},"_links":{"self":[{"href":"https:\/\/chdr-ns.com\/en\/wp-json\/wp\/v2\/posts\/8805","targetHints":{"allow":["GET"]}}],"collection":[{"href":"https:\/\/chdr-ns.com\/en\/wp-json\/wp\/v2\/posts"}],"about":[{"href":"https:\/\/chdr-ns.com\/en\/wp-json\/wp\/v2\/types\/post"}],"author":[{"embeddable":true,"href":"https:\/\/chdr-ns.com\/en\/wp-json\/wp\/v2\/users\/1"}],"replies":[{"embeddable":true,"href":"https:\/\/chdr-ns.com\/en\/wp-json\/wp\/v2\/comments?post=8805"}],"version-history":[{"count":10,"href":"https:\/\/chdr-ns.com\/en\/wp-json\/wp\/v2\/posts\/8805\/revisions"}],"predecessor-version":[{"id":8910,"href":"https:\/\/chdr-ns.com\/en\/wp-json\/wp\/v2\/posts\/8805\/revisions\/8910"}],"wp:featuredmedia":[{"embeddable":true,"href":"https:\/\/chdr-ns.com\/en\/wp-json\/wp\/v2\/media\/8809"}],"wp:attachment":[{"href":"https:\/\/chdr-ns.com\/en\/wp-json\/wp\/v2\/media?parent=8805"}],"wp:term":[{"taxonomy":"category","embeddable":true,"href":"https:\/\/chdr-ns.com\/en\/wp-json\/wp\/v2\/categories?post=8805"},{"taxonomy":"post_tag","embeddable":true,"href":"https:\/\/chdr-ns.com\/en\/wp-json\/wp\/v2\/tags?post=8805"}],"curies":[{"name":"wp","href":"https:\/\/api.w.org\/{rel}","templated":true}]}}